{"id":9995,"date":"2026-02-27T11:27:01","date_gmt":"2026-02-27T10:27:01","guid":{"rendered":"https:\/\/ikth.de\/startseite\/?p=9995"},"modified":"2026-04-22T14:15:16","modified_gmt":"2026-04-22T12:15:16","slug":"neue-fort-und-weiterbildungsplattform-der-ingenieurkammern-gestartet-copy-copy-2","status":"publish","type":"post","link":"https:\/\/ikth.de\/startseite\/neue-fort-und-weiterbildungsplattform-der-ingenieurkammern-gestartet-copy-copy-2\/","title":{"rendered":"Th\u00fcringer Staatspreis f\u00fcr Baukultur 2026"},"content":{"rendered":"<div class=\"wpb-content-wrapper\"><p>[vc_row][vc_column][vc_column_text css=&#8220;&#8220;]Der\u00a0Th\u00fcringer Staatspreis f\u00fcr Baukultur 2026\u00a0setzt ein klares Zeichen f\u00fcr qualit\u00e4tsvolles Bauen im Freistaat. Ausgezeichnet werden Projekte, die zeigen, wie Baukultur unter heutigen Bedingungen gelingen kann:\u00a0funktional, innovativ, nachhaltig und gestalterisch \u00fcberzeugend.<\/p>\n<p>Gute Baukultur entsteht im Zusammenspiel vieler Disziplinen. Planung, Fachplanung, Auftraggebende und Ausf\u00fchrende tragen gemeinsam Verantwortung f\u00fcr das Ergebnis. Der Staatspreis macht dieses Zusammenwirken sichtbar und w\u00fcrdigt Projekte, in denen Kooperation, Qualit\u00e4t und Engagement zu beispielhaften L\u00f6sungen f\u00fchren. Die Bewerbungsphase endet am <strong>30. April 2026. <\/strong>Weitere Informationen finden Sie unter:<strong><br \/>\n<\/strong><a href=\"https:\/\/www.staatspreis-baukultur-thueringen.de\/\">Th\u00fcringer Staatspreis f\u00fcr Baukultur 2026<\/a><u>.<\/u>[\/vc_column_text][\/vc_column][\/vc_row]<\/p>\n<\/div>","protected":false},"excerpt":{"rendered":"<p>[vc_row][vc_column][vc_column_text css=&#8220;&#8220;]Der\u00a0Th\u00fcringer Staatspreis f\u00fcr Baukultur 2026\u00a0setzt ein klares Zeichen f\u00fcr qualit\u00e4tsvolles Bauen im Freistaat. Ausgezeichnet werden Projekte, die zeigen, wie Baukultur unter heutigen Bedingungen gelingen kann:\u00a0funktional, innovativ, nachhaltig und gestalterisch&hellip;<\/p>\n","protected":false},"author":12,"featured_media":9996,"comment_status":"closed","ping_status":"closed","sticky":false,"template":"","format":"standard","meta":{"_acf_changed":false,"footnotes":""},"categories":[327,1,76],"tags":[],"class_list":{"0":"post-9995","1":"post","2":"type-post","3":"status-publish","4":"format-standard","5":"has-post-thumbnail","6":"hentry","7":"category-327","8":"category-allgemein","9":"category-news","11":"category-1","12":"category-76","13":"description-off"},"acf":[],"yoast_head":"<!-- This site is optimized with the Yoast SEO plugin v26.4 - https:\/\/yoast.com\/wordpress\/plugins\/seo\/ -->\n<title>Th\u00fcringer Staatspreis f\u00fcr Baukultur 2026 - Ingenieurkammer Th\u00fcringen<\/title>\n<meta name=\"description\" content=\"0\" \/>\n<meta name=\"robots\" content=\"index, follow, max-snippet:-1, max-image-preview:large, max-video-preview:-1\" \/>\n<link rel=\"canonical\" href=\"https:\/\/ikth.de\/startseite\/neue-fort-und-weiterbildungsplattform-der-ingenieurkammern-gestartet-copy-copy-2\/\" \/>\n<meta property=\"og:locale\" content=\"de_DE\" \/>\n<meta property=\"og:type\" content=\"article\" \/>\n<meta property=\"og:title\" content=\"Th\u00fcringer Staatspreis f\u00fcr Baukultur 2026 - Ingenieurkammer Th\u00fcringen\" \/>\n<meta property=\"og:description\" content=\"[vc_row][vc_column][vc_column_text css=&#8220;&#8220;]Der\u00a0Th\u00fcringer Staatspreis f\u00fcr Baukultur 2026\u00a0setzt ein klares Zeichen f\u00fcr qualit\u00e4tsvolles Bauen im Freistaat. Ausgezeichnet werden Projekte, die zeigen, wie Baukultur unter heutigen Bedingungen gelingen kann:\u00a0funktional, innovativ, nachhaltig und gestalterisch&hellip;\" \/>\n<meta property=\"og:url\" content=\"https:\/\/ikth.de\/startseite\/neue-fort-und-weiterbildungsplattform-der-ingenieurkammern-gestartet-copy-copy-2\/\" \/>\n<meta property=\"og:site_name\" content=\"Ingenieurkammer Th\u00fcringen\" \/>\n<meta property=\"article:published_time\" content=\"2026-02-27T10:27:01+00:00\" \/>\n<meta property=\"article:modified_time\" content=\"2026-04-22T12:15:16+00:00\" \/>\n<meta property=\"og:image\" content=\"https:\/\/ikth.de\/wp-content\/uploads\/2026\/02\/staatspreis-e1772188571384.jpg\" \/>\n\t<meta property=\"og:image:width\" content=\"794\" \/>\n\t<meta property=\"og:image:height\" content=\"420\" \/>\n\t<meta property=\"og:image:type\" content=\"image\/jpeg\" \/>\n<meta name=\"author\" content=\"Julia Callensee-Flecken\" \/>\n<meta name=\"twitter:card\" content=\"summary_large_image\" \/>\n<meta name=\"twitter:label1\" content=\"Verfasst von\" \/>\n\t<meta name=\"twitter:data1\" content=\"Julia Callensee-Flecken\" \/>\n\t<meta name=\"twitter:label2\" content=\"Gesch\u00e4tzte Lesezeit\" \/>\n\t<meta name=\"twitter:data2\" content=\"1\u00a0Minute\" \/>\n<script type=\"application\/ld+json\" class=\"yoast-schema-graph\">{\"@context\":\"https:\/\/schema.org\",\"@graph\":[{\"@type\":\"WebPage\",\"@id\":\"https:\/\/ikth.de\/startseite\/neue-fort-und-weiterbildungsplattform-der-ingenieurkammern-gestartet-copy-copy-2\/\",\"url\":\"https:\/\/ikth.de\/startseite\/neue-fort-und-weiterbildungsplattform-der-ingenieurkammern-gestartet-copy-copy-2\/\",\"name\":\"Th\u00fcringer Staatspreis f\u00fcr Baukultur 2026 - Ingenieurkammer Th\u00fcringen\",\"isPartOf\":{\"@id\":\"https:\/\/ikth.de\/startseite\/#website\"},\"primaryImageOfPage\":{\"@id\":\"https:\/\/ikth.de\/startseite\/neue-fort-und-weiterbildungsplattform-der-ingenieurkammern-gestartet-copy-copy-2\/#primaryimage\"},\"image\":{\"@id\":\"https:\/\/ikth.de\/startseite\/neue-fort-und-weiterbildungsplattform-der-ingenieurkammern-gestartet-copy-copy-2\/#primaryimage\"},\"thumbnailUrl\":\"https:\/\/ikth.de\/wp-content\/uploads\/2026\/02\/staatspreis-e1772188571384.jpg\",\"datePublished\":\"2026-02-27T10:27:01+00:00\",\"dateModified\":\"2026-04-22T12:15:16+00:00\",\"author\":{\"@id\":\"https:\/\/ikth.de\/startseite\/#\/schema\/person\/3209aca4540032e033e2e4be5aac1f8d\"},\"breadcrumb\":{\"@id\":\"https:\/\/ikth.de\/startseite\/neue-fort-und-weiterbildungsplattform-der-ingenieurkammern-gestartet-copy-copy-2\/#breadcrumb\"},\"inLanguage\":\"de\",\"potentialAction\":[{\"@type\":\"ReadAction\",\"target\":[\"https:\/\/ikth.de\/startseite\/neue-fort-und-weiterbildungsplattform-der-ingenieurkammern-gestartet-copy-copy-2\/\"]}]},{\"@type\":\"ImageObject\",\"inLanguage\":\"de\",\"@id\":\"https:\/\/ikth.de\/startseite\/neue-fort-und-weiterbildungsplattform-der-ingenieurkammern-gestartet-copy-copy-2\/#primaryimage\",\"url\":\"https:\/\/ikth.de\/wp-content\/uploads\/2026\/02\/staatspreis-e1772188571384.jpg\",\"contentUrl\":\"https:\/\/ikth.de\/wp-content\/uploads\/2026\/02\/staatspreis-e1772188571384.jpg\",\"width\":794,\"height\":420},{\"@type\":\"BreadcrumbList\",\"@id\":\"https:\/\/ikth.de\/startseite\/neue-fort-und-weiterbildungsplattform-der-ingenieurkammern-gestartet-copy-copy-2\/#breadcrumb\",\"itemListElement\":[{\"@type\":\"ListItem\",\"position\":1,\"name\":\"Startseite\",\"item\":\"https:\/\/ikth.de\/startseite\/\"},{\"@type\":\"ListItem\",\"position\":2,\"name\":\"Th\u00fcringer Staatspreis f\u00fcr Baukultur 2026\"}]},{\"@type\":\"WebSite\",\"@id\":\"https:\/\/ikth.de\/startseite\/#website\",\"url\":\"https:\/\/ikth.de\/startseite\/\",\"name\":\"Ingenieurkammer Th\u00fcringen\",\"description\":\"\",\"potentialAction\":[{\"@type\":\"SearchAction\",\"target\":{\"@type\":\"EntryPoint\",\"urlTemplate\":\"https:\/\/ikth.de\/startseite\/?s={search_term_string}\"},\"query-input\":{\"@type\":\"PropertyValueSpecification\",\"valueRequired\":true,\"valueName\":\"search_term_string\"}}],\"inLanguage\":\"de\"},{\"@type\":\"Person\",\"@id\":\"https:\/\/ikth.de\/startseite\/#\/schema\/person\/3209aca4540032e033e2e4be5aac1f8d\",\"name\":\"Julia Callensee-Flecken\",\"image\":{\"@type\":\"ImageObject\",\"inLanguage\":\"de\",\"@id\":\"https:\/\/ikth.de\/startseite\/#\/schema\/person\/image\/\",\"url\":\"https:\/\/secure.gravatar.com\/avatar\/80a13b85295cef002313fe1d9bc6b47cbfc7c44117d662b5feecd488cf736e11?s=96&d=mm&r=g\",\"contentUrl\":\"https:\/\/secure.gravatar.com\/avatar\/80a13b85295cef002313fe1d9bc6b47cbfc7c44117d662b5feecd488cf736e11?s=96&d=mm&r=g\",\"caption\":\"Julia Callensee-Flecken\"},\"url\":\"https:\/\/ikth.de\/startseite\/author\/julia-callensee-flecken\/\"}]}<\/script>\n<!-- \/ Yoast SEO plugin. -->","yoast_head_json":{"title":"Th\u00fcringer Staatspreis f\u00fcr Baukultur 2026 - Ingenieurkammer Th\u00fcringen","robots":{"index":"index","follow":"follow","max-snippet":"max-snippet:-1","max-image-preview":"max-image-preview:large","max-video-preview":"max-video-preview:-1"},"canonical":"https:\/\/ikth.de\/startseite\/neue-fort-und-weiterbildungsplattform-der-ingenieurkammern-gestartet-copy-copy-2\/","og_locale":"de_DE","og_type":"article","og_title":"Th\u00fcringer Staatspreis f\u00fcr Baukultur 2026 - Ingenieurkammer Th\u00fcringen","og_description":"[vc_row][vc_column][vc_column_text css=&#8220;&#8220;]Der\u00a0Th\u00fcringer Staatspreis f\u00fcr Baukultur 2026\u00a0setzt ein klares Zeichen f\u00fcr qualit\u00e4tsvolles Bauen im Freistaat. Ausgezeichnet werden Projekte, die zeigen, wie Baukultur unter heutigen Bedingungen gelingen kann:\u00a0funktional, innovativ, nachhaltig und gestalterisch&hellip;","og_url":"https:\/\/ikth.de\/startseite\/neue-fort-und-weiterbildungsplattform-der-ingenieurkammern-gestartet-copy-copy-2\/","og_site_name":"Ingenieurkammer Th\u00fcringen","article_published_time":"2026-02-27T10:27:01+00:00","article_modified_time":"2026-04-22T12:15:16+00:00","og_image":[{"width":794,"height":420,"url":"https:\/\/ikth.de\/wp-content\/uploads\/2026\/02\/staatspreis-e1772188571384.jpg","type":"image\/jpeg"}],"author":"Julia Callensee-Flecken","twitter_card":"summary_large_image","twitter_misc":{"Verfasst von":"Julia Callensee-Flecken","Gesch\u00e4tzte Lesezeit":"1\u00a0Minute"},"schema":{"@context":"https:\/\/schema.org","@graph":[{"@type":"WebPage","@id":"https:\/\/ikth.de\/startseite\/neue-fort-und-weiterbildungsplattform-der-ingenieurkammern-gestartet-copy-copy-2\/","url":"https:\/\/ikth.de\/startseite\/neue-fort-und-weiterbildungsplattform-der-ingenieurkammern-gestartet-copy-copy-2\/","name":"Th\u00fcringer Staatspreis f\u00fcr Baukultur 2026 - Ingenieurkammer Th\u00fcringen","isPartOf":{"@id":"https:\/\/ikth.de\/startseite\/#website"},"primaryImageOfPage":{"@id":"https:\/\/ikth.de\/startseite\/neue-fort-und-weiterbildungsplattform-der-ingenieurkammern-gestartet-copy-copy-2\/#primaryimage"},"image":{"@id":"https:\/\/ikth.de\/startseite\/neue-fort-und-weiterbildungsplattform-der-ingenieurkammern-gestartet-copy-copy-2\/#primaryimage"},"thumbnailUrl":"https:\/\/ikth.de\/wp-content\/uploads\/2026\/02\/staatspreis-e1772188571384.jpg","datePublished":"2026-02-27T10:27:01+00:00","dateModified":"2026-04-22T12:15:16+00:00","author":{"@id":"https:\/\/ikth.de\/startseite\/#\/schema\/person\/3209aca4540032e033e2e4be5aac1f8d"},"breadcrumb":{"@id":"https:\/\/ikth.de\/startseite\/neue-fort-und-weiterbildungsplattform-der-ingenieurkammern-gestartet-copy-copy-2\/#breadcrumb"},"inLanguage":"de","potentialAction":[{"@type":"ReadAction","target":["https:\/\/ikth.de\/startseite\/neue-fort-und-weiterbildungsplattform-der-ingenieurkammern-gestartet-copy-copy-2\/"]}]},{"@type":"ImageObject","inLanguage":"de","@id":"https:\/\/ikth.de\/startseite\/neue-fort-und-weiterbildungsplattform-der-ingenieurkammern-gestartet-copy-copy-2\/#primaryimage","url":"https:\/\/ikth.de\/wp-content\/uploads\/2026\/02\/staatspreis-e1772188571384.jpg","contentUrl":"https:\/\/ikth.de\/wp-content\/uploads\/2026\/02\/staatspreis-e1772188571384.jpg","width":794,"height":420},{"@type":"BreadcrumbList","@id":"https:\/\/ikth.de\/startseite\/neue-fort-und-weiterbildungsplattform-der-ingenieurkammern-gestartet-copy-copy-2\/#breadcrumb","itemListElement":[{"@type":"ListItem","position":1,"name":"Startseite","item":"https:\/\/ikth.de\/startseite\/"},{"@type":"ListItem","position":2,"name":"Th\u00fcringer Staatspreis f\u00fcr Baukultur 2026"}]},{"@type":"WebSite","@id":"https:\/\/ikth.de\/startseite\/#website","url":"https:\/\/ikth.de\/startseite\/","name":"Ingenieurkammer Th\u00fcringen","description":"","potentialAction":[{"@type":"SearchAction","target":{"@type":"EntryPoint","urlTemplate":"https:\/\/ikth.de\/startseite\/?s={search_term_string}"},"query-input":{"@type":"PropertyValueSpecification","valueRequired":true,"valueName":"search_term_string"}}],"inLanguage":"de"},{"@type":"Person","@id":"https:\/\/ikth.de\/startseite\/#\/schema\/person\/3209aca4540032e033e2e4be5aac1f8d","name":"Julia Callensee-Flecken","image":{"@type":"ImageObject","inLanguage":"de","@id":"https:\/\/ikth.de\/startseite\/#\/schema\/person\/image\/","url":"https:\/\/secure.gravatar.com\/avatar\/80a13b85295cef002313fe1d9bc6b47cbfc7c44117d662b5feecd488cf736e11?s=96&d=mm&r=g","contentUrl":"https:\/\/secure.gravatar.com\/avatar\/80a13b85295cef002313fe1d9bc6b47cbfc7c44117d662b5feecd488cf736e11?s=96&d=mm&r=g","caption":"Julia Callensee-Flecken"},"url":"https:\/\/ikth.de\/startseite\/author\/julia-callensee-flecken\/"}]}},"_links":{"self":[{"href":"https:\/\/ikth.de\/startseite\/wp-json\/wp\/v2\/posts\/9995","targetHints":{"allow":["GET"]}}],"collection":[{"href":"https:\/\/ikth.de\/startseite\/wp-json\/wp\/v2\/posts"}],"about":[{"href":"https:\/\/ikth.de\/startseite\/wp-json\/wp\/v2\/types\/post"}],"author":[{"embeddable":true,"href":"https:\/\/ikth.de\/startseite\/wp-json\/wp\/v2\/users\/12"}],"replies":[{"embeddable":true,"href":"https:\/\/ikth.de\/startseite\/wp-json\/wp\/v2\/comments?post=9995"}],"version-history":[{"count":3,"href":"https:\/\/ikth.de\/startseite\/wp-json\/wp\/v2\/posts\/9995\/revisions"}],"predecessor-version":[{"id":40990,"href":"https:\/\/ikth.de\/startseite\/wp-json\/wp\/v2\/posts\/9995\/revisions\/40990"}],"wp:featuredmedia":[{"embeddable":true,"href":"https:\/\/ikth.de\/startseite\/wp-json\/wp\/v2\/media\/9996"}],"wp:attachment":[{"href":"https:\/\/ikth.de\/startseite\/wp-json\/wp\/v2\/media?parent=9995"}],"wp:term":[{"taxonomy":"category","embeddable":true,"href":"https:\/\/ikth.de\/startseite\/wp-json\/wp\/v2\/categories?post=9995"},{"taxonomy":"post_tag","embeddable":true,"href":"https:\/\/ikth.de\/startseite\/wp-json\/wp\/v2\/tags?post=9995"}],"curies":[{"name":"wp","href":"https:\/\/api.w.org\/{rel}","templated":true}]}}