{"id":9245,"date":"2025-09-23T08:07:34","date_gmt":"2025-09-23T06:07:34","guid":{"rendered":"https:\/\/ikth.de\/startseite\/?p=9245"},"modified":"2025-12-09T13:43:36","modified_gmt":"2025-12-09T12:43:36","slug":"9156-2-copy","status":"publish","type":"post","link":"https:\/\/ikth.de\/startseite\/9156-2-copy\/","title":{"rendered":"Zweite Amtszeit f\u00fcr Heinrich B\u00f6kamp als Pr\u00e4sident der Bundesingenieurkammer"},"content":{"rendered":"<h2>76. Bundesingenieurkammerversammlung w\u00e4hlt in Chemnitz den Vorstand der Bundesingenieurkammer<\/h2>\n<p>Dr.-Ing. Heinrich B\u00f6kamp wurde am 19. September 2025 als Pr\u00e4sident der Bundesingenieurkammer wiedergew\u00e4hlt. Die Bundesingenieurkammerversammlung sprach dem Pr\u00e4sidenten f\u00fcr eine zweite Amtszeit bis 2030 ihr Vertrauen aus. Ebenfalls f\u00fcr weitere f\u00fcnf Jahre im Amt best\u00e4tigt wurde das sechsk\u00f6pfige Vorstandsgremium.<\/p>\n<p>Heinrich B\u00f6kamp ist seit 2009 Pr\u00e4sident der Ingenieurkammer-Bau Nordrhein-Westfalen, mit rund 11.000 Mitgliedern die gr\u00f6\u00dfte Ingenieurkammer in Deutschland. Nach seiner Wahl in Chemnitz betonte er: \u201eMarode Infrastrukturen, eine Wohnungsbaukrise und langwierige Planungsverfahren sind Herausforderungen, die Politik und Staat in den n\u00e4chsten Jahren effektiv adressieren m\u00fcssen. Die Transformation des Bauwesens ist ein zentraler Baustein f\u00fcr das Erreichen der Klimaziele. Die Expertise und Innovationskraft des Ingenieurwesens sind daf\u00fcr das Fundament. Der Fachkr\u00e4ftemangel darf dabei nicht zum Stolperstein werden. So f\u00f6rdern wir Kammern als Selbstverwaltungsorgane den Berufsstand und sind dessen Sprachrohr. Die Aufgaben, mit denen wir uns aktuell konfrontiert sehen, sind gewaltig. Ich freue mich jedoch, als Pr\u00e4sident der Bundesingenieurkammer mit dem neugew\u00e4hlten Vorstand zum Fortschritt unserer Gesellschaft beitragen zu d\u00fcrfen.\u201c<\/p>\n<p>Die Bundesingenieurkammer (BIngK) vertritt die gemeinschaftlichen Interessen der 16 L\u00e4nderingenieurkammern. Seit mehr als 30 Jahren setzt sie sich bundesweit und auf europ\u00e4ischer Ebene f\u00fcr die Belange von mehr als 45.000 Ingenieurinnen und Ingenieuren ein.<\/p>\n<p>Bei den turnusm\u00e4\u00dfig stattfindenden Vorstandswahlen wurde Dipl.-Geol. Sylvia Reyer-Rohde (Ingenieurkammer Th\u00fcringen) als Vizepr\u00e4sidentin der Bundesingenieurkammer und Dipl.-Ing. Ingolf Kluge (Ingenieurkammer Hessen) als Vizepr\u00e4sident der Bundesingenieurkammer f\u00fcr eine weitere Amtszeit best\u00e4tigt. Erneut in den Vorstand der Bundesingenieurkammer gew\u00e4hlt wurden Dipl.-Ing. (FH) Wilhelmina Katzschmann (Ingenieurkammer Rheinland-Pfalz), Prof. Dr.-Ing. Helmut Schmeitzner (Baukammer Berlin), Dr.-Ing. Ulrich Scholz (Bayerische Ingenieurekammer-Bau) und Dipl.-Ing. Christoph F. J. Schr\u00f6der (Hamburgische Ingenieurkammer-Bau).<\/p>\n<p>Die Wahlen fanden w\u00e4hrend der 76. Bundesingenieurkammerversammlung in Chemnitz statt. Zweimal j\u00e4hrlich treten Pr\u00e4sidentinnen und Pr\u00e4sidenten sowie Delegierte aus den L\u00e4nderingenieurkammern zur Bundesingenieurkammerversammlung (BKV) zusammen. Das h\u00f6chste Beschlussorgan der deutschen Ingenieurinnen und Ingenieure verabschiedet Leitlinien der Berufspolitik, beschlie\u00dft den BIngK-Haushalt und w\u00e4hlt alle f\u00fcnf Jahre den Vorstand.<\/p>\n<p>Erg\u00e4nzend zu den Vorstandwahlen wurden der Haushaltsausschuss sowie die Rechnungspr\u00fcferin und der Rechnungspr\u00fcfer neu gew\u00e4hlt.<\/p>\n<p>&nbsp;<\/p>\n","protected":false},"excerpt":{"rendered":"<p>76. Bundesingenieurkammerversammlung w\u00e4hlt in Chemnitz den Vorstand der Bundesingenieurkammer Dr.-Ing. Heinrich B\u00f6kamp wurde am 19. September 2025 als Pr\u00e4sident der Bundesingenieurkammer wiedergew\u00e4hlt. Die Bundesingenieurkammerversammlung sprach dem Pr\u00e4sidenten f\u00fcr eine zweite&hellip;<\/p>\n","protected":false},"author":12,"featured_media":9247,"comment_status":"closed","ping_status":"closed","sticky":false,"template":"","format":"standard","meta":{"_acf_changed":false,"footnotes":""},"categories":[320,1,80,76,20],"tags":[],"class_list":{"0":"post-9245","1":"post","2":"type-post","3":"status-publish","4":"format-standard","5":"has-post-thumbnail","6":"hentry","7":"category-320","8":"category-allgemein","9":"category-bingk","10":"category-news","11":"category-wahlen","13":"category-1","14":"category-80","15":"category-76","16":"category-20","17":"description-off"},"acf":[],"yoast_head":"<!-- This site is optimized with the Yoast SEO plugin v26.4 - https:\/\/yoast.com\/wordpress\/plugins\/seo\/ -->\n<title>Zweite Amtszeit f\u00fcr Heinrich B\u00f6kamp als Pr\u00e4sident der Bundesingenieurkammer - Ingenieurkammer Th\u00fcringen<\/title>\n<meta name=\"description\" content=\"0\" \/>\n<meta name=\"robots\" content=\"index, follow, max-snippet:-1, max-image-preview:large, max-video-preview:-1\" \/>\n<link rel=\"canonical\" href=\"https:\/\/ikth.de\/startseite\/9156-2-copy\/\" \/>\n<meta property=\"og:locale\" content=\"de_DE\" \/>\n<meta property=\"og:type\" content=\"article\" \/>\n<meta property=\"og:title\" content=\"Zweite Amtszeit f\u00fcr Heinrich B\u00f6kamp als Pr\u00e4sident der Bundesingenieurkammer - Ingenieurkammer Th\u00fcringen\" \/>\n<meta property=\"og:description\" content=\"76. Bundesingenieurkammerversammlung w\u00e4hlt in Chemnitz den Vorstand der Bundesingenieurkammer Dr.-Ing. Heinrich B\u00f6kamp wurde am 19. September 2025 als Pr\u00e4sident der Bundesingenieurkammer wiedergew\u00e4hlt. Die Bundesingenieurkammerversammlung sprach dem Pr\u00e4sidenten f\u00fcr eine zweite&hellip;\" \/>\n<meta property=\"og:url\" content=\"https:\/\/ikth.de\/startseite\/9156-2-copy\/\" \/>\n<meta property=\"og:site_name\" content=\"Ingenieurkammer Th\u00fcringen\" \/>\n<meta property=\"article:published_time\" content=\"2025-09-23T06:07:34+00:00\" \/>\n<meta property=\"article:modified_time\" content=\"2025-12-09T12:43:36+00:00\" \/>\n<meta property=\"og:image\" content=\"https:\/\/ikth.de\/wp-content\/uploads\/2025\/09\/BKV-76-Chemnitz_Vorstand-Bundesingenieurkammer.jpg\" \/>\n\t<meta property=\"og:image:width\" content=\"1920\" \/>\n\t<meta property=\"og:image:height\" content=\"1080\" \/>\n\t<meta property=\"og:image:type\" content=\"image\/jpeg\" \/>\n<meta name=\"author\" content=\"Julia Callensee-Flecken\" \/>\n<meta name=\"twitter:card\" content=\"summary_large_image\" \/>\n<meta name=\"twitter:label1\" content=\"Verfasst von\" \/>\n\t<meta name=\"twitter:data1\" content=\"Julia Callensee-Flecken\" \/>\n\t<meta name=\"twitter:label2\" content=\"Gesch\u00e4tzte Lesezeit\" \/>\n\t<meta name=\"twitter:data2\" content=\"3\u00a0Minuten\" \/>\n<script type=\"application\/ld+json\" class=\"yoast-schema-graph\">{\"@context\":\"https:\/\/schema.org\",\"@graph\":[{\"@type\":\"WebPage\",\"@id\":\"https:\/\/ikth.de\/startseite\/9156-2-copy\/\",\"url\":\"https:\/\/ikth.de\/startseite\/9156-2-copy\/\",\"name\":\"Zweite Amtszeit f\u00fcr Heinrich B\u00f6kamp als Pr\u00e4sident der Bundesingenieurkammer - Ingenieurkammer Th\u00fcringen\",\"isPartOf\":{\"@id\":\"https:\/\/ikth.de\/startseite\/#website\"},\"primaryImageOfPage\":{\"@id\":\"https:\/\/ikth.de\/startseite\/9156-2-copy\/#primaryimage\"},\"image\":{\"@id\":\"https:\/\/ikth.de\/startseite\/9156-2-copy\/#primaryimage\"},\"thumbnailUrl\":\"https:\/\/ikth.de\/wp-content\/uploads\/2025\/09\/BKV-76-Chemnitz_Vorstand-Bundesingenieurkammer.jpg\",\"datePublished\":\"2025-09-23T06:07:34+00:00\",\"dateModified\":\"2025-12-09T12:43:36+00:00\",\"author\":{\"@id\":\"https:\/\/ikth.de\/startseite\/#\/schema\/person\/3209aca4540032e033e2e4be5aac1f8d\"},\"breadcrumb\":{\"@id\":\"https:\/\/ikth.de\/startseite\/9156-2-copy\/#breadcrumb\"},\"inLanguage\":\"de\",\"potentialAction\":[{\"@type\":\"ReadAction\",\"target\":[\"https:\/\/ikth.de\/startseite\/9156-2-copy\/\"]}]},{\"@type\":\"ImageObject\",\"inLanguage\":\"de\",\"@id\":\"https:\/\/ikth.de\/startseite\/9156-2-copy\/#primaryimage\",\"url\":\"https:\/\/ikth.de\/wp-content\/uploads\/2025\/09\/BKV-76-Chemnitz_Vorstand-Bundesingenieurkammer.jpg\",\"contentUrl\":\"https:\/\/ikth.de\/wp-content\/uploads\/2025\/09\/BKV-76-Chemnitz_Vorstand-Bundesingenieurkammer.jpg\",\"width\":1920,\"height\":1080,\"caption\":\"Der Vorstand der Bundesingenieurkammer wurde am 19. September 2025 in Chemnitz gew\u00e4hlt (v.l.n.r.): Dr.-Ing. Heinrich B\u00f6kamp, Dipl.-Geol. Sylvia Reyer-Rohde, Prof. Dr.-Ing. Helmut Schmeitzner, Dipl.-Ing. Ingolf Kluge, Dipl.-Ing. Christoph F. J. Schr\u00f6der, Dipl.-Ing. (FH) Wilhelmina Katzschmann, Dr.-Ing. Ulrich Scholz \u00a9 BIngK\"},{\"@type\":\"BreadcrumbList\",\"@id\":\"https:\/\/ikth.de\/startseite\/9156-2-copy\/#breadcrumb\",\"itemListElement\":[{\"@type\":\"ListItem\",\"position\":1,\"name\":\"Startseite\",\"item\":\"https:\/\/ikth.de\/startseite\/\"},{\"@type\":\"ListItem\",\"position\":2,\"name\":\"Zweite Amtszeit f\u00fcr Heinrich B\u00f6kamp als Pr\u00e4sident der Bundesingenieurkammer\"}]},{\"@type\":\"WebSite\",\"@id\":\"https:\/\/ikth.de\/startseite\/#website\",\"url\":\"https:\/\/ikth.de\/startseite\/\",\"name\":\"Ingenieurkammer Th\u00fcringen\",\"description\":\"\",\"potentialAction\":[{\"@type\":\"SearchAction\",\"target\":{\"@type\":\"EntryPoint\",\"urlTemplate\":\"https:\/\/ikth.de\/startseite\/?s={search_term_string}\"},\"query-input\":{\"@type\":\"PropertyValueSpecification\",\"valueRequired\":true,\"valueName\":\"search_term_string\"}}],\"inLanguage\":\"de\"},{\"@type\":\"Person\",\"@id\":\"https:\/\/ikth.de\/startseite\/#\/schema\/person\/3209aca4540032e033e2e4be5aac1f8d\",\"name\":\"Julia Callensee-Flecken\",\"image\":{\"@type\":\"ImageObject\",\"inLanguage\":\"de\",\"@id\":\"https:\/\/ikth.de\/startseite\/#\/schema\/person\/image\/\",\"url\":\"https:\/\/secure.gravatar.com\/avatar\/80a13b85295cef002313fe1d9bc6b47cbfc7c44117d662b5feecd488cf736e11?s=96&d=mm&r=g\",\"contentUrl\":\"https:\/\/secure.gravatar.com\/avatar\/80a13b85295cef002313fe1d9bc6b47cbfc7c44117d662b5feecd488cf736e11?s=96&d=mm&r=g\",\"caption\":\"Julia Callensee-Flecken\"},\"url\":\"https:\/\/ikth.de\/startseite\/author\/julia-callensee-flecken\/\"}]}<\/script>\n<!-- \/ Yoast SEO plugin. -->","yoast_head_json":{"title":"Zweite Amtszeit f\u00fcr Heinrich B\u00f6kamp als Pr\u00e4sident der Bundesingenieurkammer - Ingenieurkammer Th\u00fcringen","robots":{"index":"index","follow":"follow","max-snippet":"max-snippet:-1","max-image-preview":"max-image-preview:large","max-video-preview":"max-video-preview:-1"},"canonical":"https:\/\/ikth.de\/startseite\/9156-2-copy\/","og_locale":"de_DE","og_type":"article","og_title":"Zweite Amtszeit f\u00fcr Heinrich B\u00f6kamp als Pr\u00e4sident der Bundesingenieurkammer - Ingenieurkammer Th\u00fcringen","og_description":"76. Bundesingenieurkammerversammlung w\u00e4hlt in Chemnitz den Vorstand der Bundesingenieurkammer Dr.-Ing. Heinrich B\u00f6kamp wurde am 19. September 2025 als Pr\u00e4sident der Bundesingenieurkammer wiedergew\u00e4hlt. Die Bundesingenieurkammerversammlung sprach dem Pr\u00e4sidenten f\u00fcr eine zweite&hellip;","og_url":"https:\/\/ikth.de\/startseite\/9156-2-copy\/","og_site_name":"Ingenieurkammer Th\u00fcringen","article_published_time":"2025-09-23T06:07:34+00:00","article_modified_time":"2025-12-09T12:43:36+00:00","og_image":[{"width":1920,"height":1080,"url":"https:\/\/ikth.de\/wp-content\/uploads\/2025\/09\/BKV-76-Chemnitz_Vorstand-Bundesingenieurkammer.jpg","type":"image\/jpeg"}],"author":"Julia Callensee-Flecken","twitter_card":"summary_large_image","twitter_misc":{"Verfasst von":"Julia Callensee-Flecken","Gesch\u00e4tzte Lesezeit":"3\u00a0Minuten"},"schema":{"@context":"https:\/\/schema.org","@graph":[{"@type":"WebPage","@id":"https:\/\/ikth.de\/startseite\/9156-2-copy\/","url":"https:\/\/ikth.de\/startseite\/9156-2-copy\/","name":"Zweite Amtszeit f\u00fcr Heinrich B\u00f6kamp als Pr\u00e4sident der Bundesingenieurkammer - Ingenieurkammer Th\u00fcringen","isPartOf":{"@id":"https:\/\/ikth.de\/startseite\/#website"},"primaryImageOfPage":{"@id":"https:\/\/ikth.de\/startseite\/9156-2-copy\/#primaryimage"},"image":{"@id":"https:\/\/ikth.de\/startseite\/9156-2-copy\/#primaryimage"},"thumbnailUrl":"https:\/\/ikth.de\/wp-content\/uploads\/2025\/09\/BKV-76-Chemnitz_Vorstand-Bundesingenieurkammer.jpg","datePublished":"2025-09-23T06:07:34+00:00","dateModified":"2025-12-09T12:43:36+00:00","author":{"@id":"https:\/\/ikth.de\/startseite\/#\/schema\/person\/3209aca4540032e033e2e4be5aac1f8d"},"breadcrumb":{"@id":"https:\/\/ikth.de\/startseite\/9156-2-copy\/#breadcrumb"},"inLanguage":"de","potentialAction":[{"@type":"ReadAction","target":["https:\/\/ikth.de\/startseite\/9156-2-copy\/"]}]},{"@type":"ImageObject","inLanguage":"de","@id":"https:\/\/ikth.de\/startseite\/9156-2-copy\/#primaryimage","url":"https:\/\/ikth.de\/wp-content\/uploads\/2025\/09\/BKV-76-Chemnitz_Vorstand-Bundesingenieurkammer.jpg","contentUrl":"https:\/\/ikth.de\/wp-content\/uploads\/2025\/09\/BKV-76-Chemnitz_Vorstand-Bundesingenieurkammer.jpg","width":1920,"height":1080,"caption":"Der Vorstand der Bundesingenieurkammer wurde am 19. September 2025 in Chemnitz gew\u00e4hlt (v.l.n.r.): Dr.-Ing. Heinrich B\u00f6kamp, Dipl.-Geol. Sylvia Reyer-Rohde, Prof. Dr.-Ing. Helmut Schmeitzner, Dipl.-Ing. Ingolf Kluge, Dipl.-Ing. Christoph F. J. Schr\u00f6der, Dipl.-Ing. (FH) Wilhelmina Katzschmann, Dr.-Ing. Ulrich Scholz \u00a9 BIngK"},{"@type":"BreadcrumbList","@id":"https:\/\/ikth.de\/startseite\/9156-2-copy\/#breadcrumb","itemListElement":[{"@type":"ListItem","position":1,"name":"Startseite","item":"https:\/\/ikth.de\/startseite\/"},{"@type":"ListItem","position":2,"name":"Zweite Amtszeit f\u00fcr Heinrich B\u00f6kamp als Pr\u00e4sident der Bundesingenieurkammer"}]},{"@type":"WebSite","@id":"https:\/\/ikth.de\/startseite\/#website","url":"https:\/\/ikth.de\/startseite\/","name":"Ingenieurkammer Th\u00fcringen","description":"","potentialAction":[{"@type":"SearchAction","target":{"@type":"EntryPoint","urlTemplate":"https:\/\/ikth.de\/startseite\/?s={search_term_string}"},"query-input":{"@type":"PropertyValueSpecification","valueRequired":true,"valueName":"search_term_string"}}],"inLanguage":"de"},{"@type":"Person","@id":"https:\/\/ikth.de\/startseite\/#\/schema\/person\/3209aca4540032e033e2e4be5aac1f8d","name":"Julia Callensee-Flecken","image":{"@type":"ImageObject","inLanguage":"de","@id":"https:\/\/ikth.de\/startseite\/#\/schema\/person\/image\/","url":"https:\/\/secure.gravatar.com\/avatar\/80a13b85295cef002313fe1d9bc6b47cbfc7c44117d662b5feecd488cf736e11?s=96&d=mm&r=g","contentUrl":"https:\/\/secure.gravatar.com\/avatar\/80a13b85295cef002313fe1d9bc6b47cbfc7c44117d662b5feecd488cf736e11?s=96&d=mm&r=g","caption":"Julia Callensee-Flecken"},"url":"https:\/\/ikth.de\/startseite\/author\/julia-callensee-flecken\/"}]}},"_links":{"self":[{"href":"https:\/\/ikth.de\/startseite\/wp-json\/wp\/v2\/posts\/9245","targetHints":{"allow":["GET"]}}],"collection":[{"href":"https:\/\/ikth.de\/startseite\/wp-json\/wp\/v2\/posts"}],"about":[{"href":"https:\/\/ikth.de\/startseite\/wp-json\/wp\/v2\/types\/post"}],"author":[{"embeddable":true,"href":"https:\/\/ikth.de\/startseite\/wp-json\/wp\/v2\/users\/12"}],"replies":[{"embeddable":true,"href":"https:\/\/ikth.de\/startseite\/wp-json\/wp\/v2\/comments?post=9245"}],"version-history":[{"count":2,"href":"https:\/\/ikth.de\/startseite\/wp-json\/wp\/v2\/posts\/9245\/revisions"}],"predecessor-version":[{"id":9249,"href":"https:\/\/ikth.de\/startseite\/wp-json\/wp\/v2\/posts\/9245\/revisions\/9249"}],"wp:featuredmedia":[{"embeddable":true,"href":"https:\/\/ikth.de\/startseite\/wp-json\/wp\/v2\/media\/9247"}],"wp:attachment":[{"href":"https:\/\/ikth.de\/startseite\/wp-json\/wp\/v2\/media?parent=9245"}],"wp:term":[{"taxonomy":"category","embeddable":true,"href":"https:\/\/ikth.de\/startseite\/wp-json\/wp\/v2\/categories?post=9245"},{"taxonomy":"post_tag","embeddable":true,"href":"https:\/\/ikth.de\/startseite\/wp-json\/wp\/v2\/tags?post=9245"}],"curies":[{"name":"wp","href":"https:\/\/api.w.org\/{rel}","templated":true}]}}