{"id":9194,"date":"2025-09-04T12:31:37","date_gmt":"2025-09-04T10:31:37","guid":{"rendered":"https:\/\/ikth.de\/startseite\/?p=9194"},"modified":"2025-09-23T08:36:10","modified_gmt":"2025-09-23T06:36:10","slug":"schuelerwettbewerb-junior-ing-turm-hoch-hinaus-landeswettbewerb-thueringen-copy","status":"publish","type":"post","link":"https:\/\/ikth.de\/startseite\/schuelerwettbewerb-junior-ing-turm-hoch-hinaus-landeswettbewerb-thueringen-copy\/","title":{"rendered":"Sch\u00fclerwettbewerb Junior.ING \u201eArena \u2013 gut \u00fcberDACHt\u201c  Landeswettbewerb Th\u00fcringen"},"content":{"rendered":"<p>Im Schuljahr 2025\/2026 sind alle Sch\u00fclerinnen und Sch\u00fcler herzlich eingeladen, am Sch\u00fclerwettbewerb Junior.ING unter dem Motto \u201eArena \u2013 gut \u00fcberDACHt\u201c teilzunehmen. Die Aufgabe? Ob Theater, Konzert, Spiel oder Sport, viele Erlebnisse finden drau\u00dfen statt. Damit dabei niemand im Regen steht oder in der Sonne schmort, braucht es kluge Ideen: eine \u00dcberdachung, die sch\u00fctzt, ohne den Blick auf das Geschehen zu versperren. \u00a0Bei der Gestaltung sind Fantasie und technisches Wissen gefragt.<\/p>\n<p><span style=\"color: #0000ff;\">Was sollten Sie wissen?<\/span><\/p>\n<ul>\n<li><strong>Anforderungen: <\/strong><strong>Die \u00dcberdachung soll f\u00fcr eine halb-kreisf\u00f6rmige Zuschauertrib\u00fcne mit einer davor befindlichen B\u00fchne entworfen werden. F\u00fcr das Modell betr\u00e4gt der Ma\u00dfstab 1:80 (Radius der Trib\u00fcne: 14-16 cm; H\u00f6he der Trib\u00fcne: 4-6 cm). <\/strong>Das Modell muss auf einer Grundplatte von max. 40 cm \u00d7 40 cm festmontiert sein. Es darf die Au\u00dfenkanten der Platte nicht \u00fcberragen. Die maximale Gesamth\u00f6he des Modells einschlie\u00dflich eurer Dachkonstruktion (gemessen von der Oberfl\u00e4che der Grundplatte) betr\u00e4gt 40 cm.<\/li>\n<li><strong>Materialien:<\/strong> Draht, Holzst\u00e4be, Papier, Kunststoff, Schnur und mehr (<strong>Details finden Sie in den <\/strong><a href=\"https:\/\/junioring.ingenieure.de\/pdf\/wettbewerbsbedingungen_2024-25.pdf\"><strong>Wettbewerbsbedingungen<\/strong><\/a><strong>)<\/strong> \u2013 ideal, um kreative und handwerkliche F\u00e4higkeiten zu testen.<\/li>\n<li><strong>Alterskategorien:<\/strong> Es gibt zwei Kategorien, f\u00fcr die Klassen 1 bis 8 und ab Klasse 9. So kann jeder teilnehmen, ob Grundsch\u00fcler oder angehender Abiturient, aber auch Berufssch\u00fcler.<\/li>\n<li><strong>Wettbewerbsfristen:<\/strong>\n<ul>\n<li><strong>Anmeldung:<\/strong> bis 19. Dezember 2025<\/li>\n<li><strong>Modellabgabe:<\/strong> bis 9. M\u00e4rz 2026<\/li>\n<li><strong>Preisverleihung Landeswettbewerb:<\/strong> 1. April 2026<\/li>\n<li><strong>Preisverleihung Bundeswettbewerb:<\/strong> 19. Juni 2026<\/li>\n<\/ul>\n<\/li>\n<li><strong>Preise:<\/strong> Auf die Gewinner warten tolle Geldpreise: 250 Euro f\u00fcr den ersten Platz pro Team sowie die M\u00f6glichkeit, Th\u00fcringen im Bundeswettbewerb zu vertreten. Auch die Pl\u00e4tze 2 und 3 sowie weitere Teilnehmer werden belohnt. Infos dazu: <a href=\"http:\/\/www.ikth.de\">www.ikth.de<\/a><\/li>\n<\/ul>\n<p><span style=\"color: #0000ff;\">Warum sollten Sch\u00fclerinnen und Sch\u00fcler teilnehmen?<\/span><\/p>\n<p>Dieser Wettbewerb bietet eine wunderbare Gelegenheit, das technische und kreative Potenzial zu f\u00f6rdern. Neben dem Spa\u00df am Wettbewerb entwickeln sie F\u00e4higkeiten in Teamarbeit, Probleml\u00f6sung und handwerklichem Geschick \u2013 Kompetenzen, die sie auf ihrem weiteren Bildungsweg und in ihrer beruflichen Zukunft st\u00e4rken werden. Nicht zuletzt kann die Teilnahme das Interesse an technischen Berufen oder einem Ingenieurstudium wecken. Ermutigen Sie Sch\u00fclerinnen und Sch\u00fcler zur Teilnahme und unterst\u00fctzen Sie sie bei der Planung und Umsetzung ihrer Projekte.<\/p>\n<p>Die Anmeldung erfolgt ganz einfach bis zum 19. Dezember 2025 \u00fcber folgende Website:\u00a0<a href=\"https:\/\/www.junioring.ingenieure.de\/\" target=\"_blank\" rel=\"noopener\">https:\/\/www.junioring.ingenieure.de\/<\/a><\/p>\n<p><a href=\"https:\/\/ikth.de\/startseite\/project\/arena-gut-ueberdacht\/\" target=\"_blank\" rel=\"noopener\">Weitere Informationen<\/a><\/p>\n","protected":false},"excerpt":{"rendered":"<p>Im Schuljahr 2025\/2026 sind alle Sch\u00fclerinnen und Sch\u00fcler herzlich eingeladen, am Sch\u00fclerwettbewerb Junior.ING unter dem Motto \u201eArena \u2013 gut \u00fcberDACHt\u201c teilzunehmen. Die Aufgabe? Ob Theater, Konzert, Spiel oder Sport, viele&hellip;<\/p>\n","protected":false},"author":12,"featured_media":9196,"comment_status":"closed","ping_status":"closed","sticky":false,"template":"","format":"standard","meta":{"_acf_changed":false,"footnotes":""},"categories":[76,37,24],"tags":[],"class_list":["post-9194","post","type-post","status-publish","format-standard","has-post-thumbnail","hentry","category-news","category-schuelerwettbewerb","category-wettbewerbe","category-76","category-37","category-24","description-off"],"acf":[],"yoast_head":"<!-- This site is optimized with the Yoast SEO plugin v26.4 - https:\/\/yoast.com\/wordpress\/plugins\/seo\/ -->\n<title>Sch\u00fclerwettbewerb Junior.ING \u201eArena \u2013 gut \u00fcberDACHt\u201c Landeswettbewerb Th\u00fcringen - Ingenieurkammer Th\u00fcringen<\/title>\n<meta name=\"description\" content=\"0\" \/>\n<meta name=\"robots\" content=\"index, follow, max-snippet:-1, max-image-preview:large, max-video-preview:-1\" \/>\n<link rel=\"canonical\" href=\"https:\/\/ikth.de\/startseite\/schuelerwettbewerb-junior-ing-turm-hoch-hinaus-landeswettbewerb-thueringen-copy\/\" \/>\n<meta property=\"og:locale\" content=\"de_DE\" \/>\n<meta property=\"og:type\" content=\"article\" \/>\n<meta property=\"og:title\" content=\"Sch\u00fclerwettbewerb Junior.ING \u201eArena \u2013 gut \u00fcberDACHt\u201c Landeswettbewerb Th\u00fcringen - Ingenieurkammer Th\u00fcringen\" \/>\n<meta property=\"og:description\" content=\"Im Schuljahr 2025\/2026 sind alle Sch\u00fclerinnen und Sch\u00fcler herzlich eingeladen, am Sch\u00fclerwettbewerb Junior.ING unter dem Motto \u201eArena \u2013 gut \u00fcberDACHt\u201c teilzunehmen. Die Aufgabe? Ob Theater, Konzert, Spiel oder Sport, viele&hellip;\" \/>\n<meta property=\"og:url\" content=\"https:\/\/ikth.de\/startseite\/schuelerwettbewerb-junior-ing-turm-hoch-hinaus-landeswettbewerb-thueringen-copy\/\" \/>\n<meta property=\"og:site_name\" content=\"Ingenieurkammer Th\u00fcringen\" \/>\n<meta property=\"article:published_time\" content=\"2025-09-04T10:31:37+00:00\" \/>\n<meta property=\"article:modified_time\" content=\"2025-09-23T06:36:10+00:00\" \/>\n<meta property=\"og:image\" content=\"https:\/\/ikth.de\/wp-content\/uploads\/2024\/09\/Junior.ING_.png\" \/>\n\t<meta property=\"og:image:width\" content=\"375\" \/>\n\t<meta property=\"og:image:height\" content=\"663\" \/>\n\t<meta property=\"og:image:type\" content=\"image\/png\" \/>\n<meta name=\"author\" content=\"Julia Callensee-Flecken\" \/>\n<meta name=\"twitter:card\" content=\"summary_large_image\" \/>\n<meta name=\"twitter:label1\" content=\"Verfasst von\" \/>\n\t<meta name=\"twitter:data1\" content=\"Julia Callensee-Flecken\" \/>\n\t<meta name=\"twitter:label2\" content=\"Gesch\u00e4tzte Lesezeit\" \/>\n\t<meta name=\"twitter:data2\" content=\"3\u00a0Minuten\" \/>\n<script type=\"application\/ld+json\" class=\"yoast-schema-graph\">{\"@context\":\"https:\/\/schema.org\",\"@graph\":[{\"@type\":\"WebPage\",\"@id\":\"https:\/\/ikth.de\/startseite\/schuelerwettbewerb-junior-ing-turm-hoch-hinaus-landeswettbewerb-thueringen-copy\/\",\"url\":\"https:\/\/ikth.de\/startseite\/schuelerwettbewerb-junior-ing-turm-hoch-hinaus-landeswettbewerb-thueringen-copy\/\",\"name\":\"Sch\u00fclerwettbewerb Junior.ING \u201eArena \u2013 gut \u00fcberDACHt\u201c Landeswettbewerb Th\u00fcringen - Ingenieurkammer Th\u00fcringen\",\"isPartOf\":{\"@id\":\"https:\/\/ikth.de\/startseite\/#website\"},\"primaryImageOfPage\":{\"@id\":\"https:\/\/ikth.de\/startseite\/schuelerwettbewerb-junior-ing-turm-hoch-hinaus-landeswettbewerb-thueringen-copy\/#primaryimage\"},\"image\":{\"@id\":\"https:\/\/ikth.de\/startseite\/schuelerwettbewerb-junior-ing-turm-hoch-hinaus-landeswettbewerb-thueringen-copy\/#primaryimage\"},\"thumbnailUrl\":\"https:\/\/ikth.de\/wp-content\/uploads\/2024\/09\/Junior.ING_.png\",\"datePublished\":\"2025-09-04T10:31:37+00:00\",\"dateModified\":\"2025-09-23T06:36:10+00:00\",\"author\":{\"@id\":\"https:\/\/ikth.de\/startseite\/#\/schema\/person\/3209aca4540032e033e2e4be5aac1f8d\"},\"breadcrumb\":{\"@id\":\"https:\/\/ikth.de\/startseite\/schuelerwettbewerb-junior-ing-turm-hoch-hinaus-landeswettbewerb-thueringen-copy\/#breadcrumb\"},\"inLanguage\":\"de\",\"potentialAction\":[{\"@type\":\"ReadAction\",\"target\":[\"https:\/\/ikth.de\/startseite\/schuelerwettbewerb-junior-ing-turm-hoch-hinaus-landeswettbewerb-thueringen-copy\/\"]}]},{\"@type\":\"ImageObject\",\"inLanguage\":\"de\",\"@id\":\"https:\/\/ikth.de\/startseite\/schuelerwettbewerb-junior-ing-turm-hoch-hinaus-landeswettbewerb-thueringen-copy\/#primaryimage\",\"url\":\"https:\/\/ikth.de\/wp-content\/uploads\/2024\/09\/Junior.ING_.png\",\"contentUrl\":\"https:\/\/ikth.de\/wp-content\/uploads\/2024\/09\/Junior.ING_.png\",\"width\":375,\"height\":663},{\"@type\":\"BreadcrumbList\",\"@id\":\"https:\/\/ikth.de\/startseite\/schuelerwettbewerb-junior-ing-turm-hoch-hinaus-landeswettbewerb-thueringen-copy\/#breadcrumb\",\"itemListElement\":[{\"@type\":\"ListItem\",\"position\":1,\"name\":\"Startseite\",\"item\":\"https:\/\/ikth.de\/startseite\/\"},{\"@type\":\"ListItem\",\"position\":2,\"name\":\"Sch\u00fclerwettbewerb Junior.ING \u201eArena \u2013 gut \u00fcberDACHt\u201c Landeswettbewerb Th\u00fcringen\"}]},{\"@type\":\"WebSite\",\"@id\":\"https:\/\/ikth.de\/startseite\/#website\",\"url\":\"https:\/\/ikth.de\/startseite\/\",\"name\":\"Ingenieurkammer Th\u00fcringen\",\"description\":\"\",\"potentialAction\":[{\"@type\":\"SearchAction\",\"target\":{\"@type\":\"EntryPoint\",\"urlTemplate\":\"https:\/\/ikth.de\/startseite\/?s={search_term_string}\"},\"query-input\":{\"@type\":\"PropertyValueSpecification\",\"valueRequired\":true,\"valueName\":\"search_term_string\"}}],\"inLanguage\":\"de\"},{\"@type\":\"Person\",\"@id\":\"https:\/\/ikth.de\/startseite\/#\/schema\/person\/3209aca4540032e033e2e4be5aac1f8d\",\"name\":\"Julia Callensee-Flecken\",\"image\":{\"@type\":\"ImageObject\",\"inLanguage\":\"de\",\"@id\":\"https:\/\/ikth.de\/startseite\/#\/schema\/person\/image\/\",\"url\":\"https:\/\/secure.gravatar.com\/avatar\/80a13b85295cef002313fe1d9bc6b47cbfc7c44117d662b5feecd488cf736e11?s=96&d=mm&r=g\",\"contentUrl\":\"https:\/\/secure.gravatar.com\/avatar\/80a13b85295cef002313fe1d9bc6b47cbfc7c44117d662b5feecd488cf736e11?s=96&d=mm&r=g\",\"caption\":\"Julia Callensee-Flecken\"},\"url\":\"https:\/\/ikth.de\/startseite\/author\/julia-callensee-flecken\/\"}]}<\/script>\n<!-- \/ Yoast SEO plugin. -->","yoast_head_json":{"title":"Sch\u00fclerwettbewerb Junior.ING \u201eArena \u2013 gut \u00fcberDACHt\u201c Landeswettbewerb Th\u00fcringen - Ingenieurkammer Th\u00fcringen","robots":{"index":"index","follow":"follow","max-snippet":"max-snippet:-1","max-image-preview":"max-image-preview:large","max-video-preview":"max-video-preview:-1"},"canonical":"https:\/\/ikth.de\/startseite\/schuelerwettbewerb-junior-ing-turm-hoch-hinaus-landeswettbewerb-thueringen-copy\/","og_locale":"de_DE","og_type":"article","og_title":"Sch\u00fclerwettbewerb Junior.ING \u201eArena \u2013 gut \u00fcberDACHt\u201c Landeswettbewerb Th\u00fcringen - Ingenieurkammer Th\u00fcringen","og_description":"Im Schuljahr 2025\/2026 sind alle Sch\u00fclerinnen und Sch\u00fcler herzlich eingeladen, am Sch\u00fclerwettbewerb Junior.ING unter dem Motto \u201eArena \u2013 gut \u00fcberDACHt\u201c teilzunehmen. Die Aufgabe? Ob Theater, Konzert, Spiel oder Sport, viele&hellip;","og_url":"https:\/\/ikth.de\/startseite\/schuelerwettbewerb-junior-ing-turm-hoch-hinaus-landeswettbewerb-thueringen-copy\/","og_site_name":"Ingenieurkammer Th\u00fcringen","article_published_time":"2025-09-04T10:31:37+00:00","article_modified_time":"2025-09-23T06:36:10+00:00","og_image":[{"width":375,"height":663,"url":"https:\/\/ikth.de\/wp-content\/uploads\/2024\/09\/Junior.ING_.png","type":"image\/png"}],"author":"Julia Callensee-Flecken","twitter_card":"summary_large_image","twitter_misc":{"Verfasst von":"Julia Callensee-Flecken","Gesch\u00e4tzte Lesezeit":"3\u00a0Minuten"},"schema":{"@context":"https:\/\/schema.org","@graph":[{"@type":"WebPage","@id":"https:\/\/ikth.de\/startseite\/schuelerwettbewerb-junior-ing-turm-hoch-hinaus-landeswettbewerb-thueringen-copy\/","url":"https:\/\/ikth.de\/startseite\/schuelerwettbewerb-junior-ing-turm-hoch-hinaus-landeswettbewerb-thueringen-copy\/","name":"Sch\u00fclerwettbewerb Junior.ING \u201eArena \u2013 gut \u00fcberDACHt\u201c Landeswettbewerb Th\u00fcringen - Ingenieurkammer Th\u00fcringen","isPartOf":{"@id":"https:\/\/ikth.de\/startseite\/#website"},"primaryImageOfPage":{"@id":"https:\/\/ikth.de\/startseite\/schuelerwettbewerb-junior-ing-turm-hoch-hinaus-landeswettbewerb-thueringen-copy\/#primaryimage"},"image":{"@id":"https:\/\/ikth.de\/startseite\/schuelerwettbewerb-junior-ing-turm-hoch-hinaus-landeswettbewerb-thueringen-copy\/#primaryimage"},"thumbnailUrl":"https:\/\/ikth.de\/wp-content\/uploads\/2024\/09\/Junior.ING_.png","datePublished":"2025-09-04T10:31:37+00:00","dateModified":"2025-09-23T06:36:10+00:00","author":{"@id":"https:\/\/ikth.de\/startseite\/#\/schema\/person\/3209aca4540032e033e2e4be5aac1f8d"},"breadcrumb":{"@id":"https:\/\/ikth.de\/startseite\/schuelerwettbewerb-junior-ing-turm-hoch-hinaus-landeswettbewerb-thueringen-copy\/#breadcrumb"},"inLanguage":"de","potentialAction":[{"@type":"ReadAction","target":["https:\/\/ikth.de\/startseite\/schuelerwettbewerb-junior-ing-turm-hoch-hinaus-landeswettbewerb-thueringen-copy\/"]}]},{"@type":"ImageObject","inLanguage":"de","@id":"https:\/\/ikth.de\/startseite\/schuelerwettbewerb-junior-ing-turm-hoch-hinaus-landeswettbewerb-thueringen-copy\/#primaryimage","url":"https:\/\/ikth.de\/wp-content\/uploads\/2024\/09\/Junior.ING_.png","contentUrl":"https:\/\/ikth.de\/wp-content\/uploads\/2024\/09\/Junior.ING_.png","width":375,"height":663},{"@type":"BreadcrumbList","@id":"https:\/\/ikth.de\/startseite\/schuelerwettbewerb-junior-ing-turm-hoch-hinaus-landeswettbewerb-thueringen-copy\/#breadcrumb","itemListElement":[{"@type":"ListItem","position":1,"name":"Startseite","item":"https:\/\/ikth.de\/startseite\/"},{"@type":"ListItem","position":2,"name":"Sch\u00fclerwettbewerb Junior.ING \u201eArena \u2013 gut \u00fcberDACHt\u201c Landeswettbewerb Th\u00fcringen"}]},{"@type":"WebSite","@id":"https:\/\/ikth.de\/startseite\/#website","url":"https:\/\/ikth.de\/startseite\/","name":"Ingenieurkammer Th\u00fcringen","description":"","potentialAction":[{"@type":"SearchAction","target":{"@type":"EntryPoint","urlTemplate":"https:\/\/ikth.de\/startseite\/?s={search_term_string}"},"query-input":{"@type":"PropertyValueSpecification","valueRequired":true,"valueName":"search_term_string"}}],"inLanguage":"de"},{"@type":"Person","@id":"https:\/\/ikth.de\/startseite\/#\/schema\/person\/3209aca4540032e033e2e4be5aac1f8d","name":"Julia Callensee-Flecken","image":{"@type":"ImageObject","inLanguage":"de","@id":"https:\/\/ikth.de\/startseite\/#\/schema\/person\/image\/","url":"https:\/\/secure.gravatar.com\/avatar\/80a13b85295cef002313fe1d9bc6b47cbfc7c44117d662b5feecd488cf736e11?s=96&d=mm&r=g","contentUrl":"https:\/\/secure.gravatar.com\/avatar\/80a13b85295cef002313fe1d9bc6b47cbfc7c44117d662b5feecd488cf736e11?s=96&d=mm&r=g","caption":"Julia Callensee-Flecken"},"url":"https:\/\/ikth.de\/startseite\/author\/julia-callensee-flecken\/"}]}},"_links":{"self":[{"href":"https:\/\/ikth.de\/startseite\/wp-json\/wp\/v2\/posts\/9194","targetHints":{"allow":["GET"]}}],"collection":[{"href":"https:\/\/ikth.de\/startseite\/wp-json\/wp\/v2\/posts"}],"about":[{"href":"https:\/\/ikth.de\/startseite\/wp-json\/wp\/v2\/types\/post"}],"author":[{"embeddable":true,"href":"https:\/\/ikth.de\/startseite\/wp-json\/wp\/v2\/users\/12"}],"replies":[{"embeddable":true,"href":"https:\/\/ikth.de\/startseite\/wp-json\/wp\/v2\/comments?post=9194"}],"version-history":[{"count":1,"href":"https:\/\/ikth.de\/startseite\/wp-json\/wp\/v2\/posts\/9194\/revisions"}],"predecessor-version":[{"id":9197,"href":"https:\/\/ikth.de\/startseite\/wp-json\/wp\/v2\/posts\/9194\/revisions\/9197"}],"wp:featuredmedia":[{"embeddable":true,"href":"https:\/\/ikth.de\/startseite\/wp-json\/wp\/v2\/media\/9196"}],"wp:attachment":[{"href":"https:\/\/ikth.de\/startseite\/wp-json\/wp\/v2\/media?parent=9194"}],"wp:term":[{"taxonomy":"category","embeddable":true,"href":"https:\/\/ikth.de\/startseite\/wp-json\/wp\/v2\/categories?post=9194"},{"taxonomy":"post_tag","embeddable":true,"href":"https:\/\/ikth.de\/startseite\/wp-json\/wp\/v2\/tags?post=9194"}],"curies":[{"name":"wp","href":"https:\/\/api.w.org\/{rel}","templated":true}]}}