{"id":9118,"date":"2025-08-18T14:29:14","date_gmt":"2025-08-18T12:29:14","guid":{"rendered":"https:\/\/ikth.de\/startseite\/?p=9118"},"modified":"2025-12-09T13:45:29","modified_gmt":"2025-12-09T12:45:29","slug":"ingenieurkammer-thueringen-auf-kurs-fuer-die-zukunft-6","status":"publish","type":"post","link":"https:\/\/ikth.de\/startseite\/ingenieurkammer-thueringen-auf-kurs-fuer-die-zukunft-6\/","title":{"rendered":"Ingenieurkammer Th\u00fcringen:  Auf Kurs f\u00fcr die Zukunft?"},"content":{"rendered":"<h2>Was sind die Pl\u00e4ne des neuen Vorstands?<\/h2>\n<h2>Beisitzer Herr Dr.-Ing. Marko Bro\u00dfmann im Interview<\/h2>\n<h4><\/h4>\n<h4>1. Welche Gr\u00fcnde haben Sie bewogen, zu kandidieren?<\/h4>\n<p>Ich bin Ingenieur mit Leib und Seele und \u00fcbe meinen Beruf mit gro\u00dfer Freude und stets einer guten Portion Optimismus aus. Seit 2013 bin ich als Beratender Ingenieur Mitglied der Ingenieurkammer Th\u00fcringen und begleitete von 2019 bis 2024 das Amt des Rechnungspr\u00fcfers. Mein Engagement f\u00fcr unseren Berufsstand empfinde ich als selbstverst\u00e4ndlich und kann dies als Vorstandsmitglied nun weiter vertiefen. Bei den Mitgliedern der Vertreterversammlung bedanke ich mich herzlich f\u00fcr die Wahl und das mir entgegengebrachte Vertrauen.<\/p>\n<p>&nbsp;<\/p>\n<h4>2. Welche Themen sind Ihnen bei der Aus\u00fcbung des Ehrenamtes besonders wichtig? Welche Impulse m\u00f6chten Sie in der Vorstandsarbeit setzen?<\/h4>\n<p>Die allgemeine demografische Entwicklung spiegelt sich auch in unserer Mitgliederstruktur wider. W\u00e4hrend der Anteil sehr erfahrener, freiberuflich t\u00e4tiger Berufskollegen vergleichsweise gro\u00df ist, besitzt bei den Nachwuchsingenieurinnen und -ingenieuren das Angestelltenverh\u00e4ltnis erkennbar gr\u00f6\u00dfere Attraktivit\u00e4t. Dieser Entwicklung wird wohl sehr schwer entgegen zu wirken sein. Die herausfordernde Aufgabe, auch zuk\u00fcnftig eine solide Mitgliederzahl zu erhalten, ist also schwer zu verkennen. Mir erscheint es geboten, die Konditionen f\u00fcr die Mitgliedschaft in der Ingenieurkammer zu \u00fcberdenken, insbesondere f\u00fcr Ingenieurinnen und Ingenieure im Angestelltenverh\u00e4ltnis. Letztlich bilden die Mitglieder, ob nun selbst\u00e4ndig oder angestellt t\u00e4tig, das R\u00fcckgrat unserer beruflichen Selbstverwaltung und der berufspolitischen Interessenvertretung.<\/p>\n<p>&nbsp;<\/p>\n<h4>3. Wie sollte aus Ihrer Sicht mit den Themen Vergabe und HOAI zuk\u00fcnftig umgegangen werden?<\/h4>\n<p>Die aktuelle VgV-Vergabepraxis ist f\u00fcr die bietenden Planungsb\u00fcros mit gro\u00dfen Aufwendungen verbunden, die nicht selten in sehr ung\u00fcnstigem Verh\u00e4ltnis zum Projektvolumen stehen \u2013 insbesondere wenn der EU-Schwellenwert nicht deutlich \u00fcberschritten wird. Zudem bindet die fachliche Angebotsbearbeitung in erheblichem Ma\u00dfe auch technische Kompetenz, die in der Projektbearbeitung produktiver einzusetzen w\u00e4re. Insofern pl\u00e4diere ich f\u00fcr eine effizientere Gestaltung der Vergabeverfahren, die es Planenden und Bauherren erlaubt, den Fokus verst\u00e4rkt auf die Verwirklichung der Ma\u00dfnahmen zu richten. Mit Blick auf den bereits sp\u00fcrbaren<br \/>\nund zuk\u00fcnftig noch verst\u00e4rkten Fachkr\u00e4ftemangel sowie auf die Bew\u00e4ltigung der aus dem Sonderverm\u00f6gen Infrastruktur Bund\/L\u00e4nder\/Kommunen zu erwartenden Aufgaben, wird dies unumg\u00e4nglich sein. Eine deutliche Anhebung des EU-Schwellenwertes f\u00fcr Planungs- und Dienstleistungen w\u00fcrde die Anzahl der VgV-pflichtigen Vergabeverfahren reduzieren. Dar\u00fcber hinaus halte ich nach Projektvolumen gestaffelte Vergabeprozeduren f\u00fcr geboten, um die Verh\u00e4ltnism\u00e4\u00dfigkeit zwischen Vergabeaufwendungen und Planungshonoraren zu gew\u00e4hrleisten. F\u00fcr Ma\u00dfnahmen unterhalb des Schwellenwertes kann ich mir effizientere Vergaben durch die breitere Anwendung von Rahmenvertr\u00e4gen oder Open House Verfahren vorstellen. Auch eine B\u00fcndelung kleinerer Ma\u00dfnahmen zu angemessenen Ma\u00dfnahmenpaketen w\u00fcrde den Vergabeaufwand mindern. Insbesondere im l\u00e4ndlich gepr\u00e4gten Raum Th\u00fcringens h\u00e4tte dies sehr positive Effekte. Kleine Gemeinden k\u00f6nnten ihre Ma\u00dfnahmen, gegebenenfalls fachlich und organisatorisch unterst\u00fctzt durch \u00fcbergeordnete Verwaltungsebenen wie Verwaltungsgemeinschaften, Landkreise oder Landesverwaltungsamt, geb\u00fcndelt vergeben.<\/p>\n<p>&nbsp;<\/p>\n<h4>4. Sind Sie der Ansicht, dass im Bauwesen t\u00e4tige Ingenieurinnen und Ingenieure, die sicherheitsrelevante Planungsdienstleistungen erbringen, Mitglied in der beruflichen Selbstverwaltung sein sollten?<\/h4>\n<p>Grunds\u00e4tzlich ja, denn die Gew\u00e4hrung sicherer Bauwerke und technischer Anlagen ist eine grundlegende gesellschaftliche Erwartung an unseren Berufsstand und zugleich unser eigener Anspruch.<br \/>\nDie an Eignungskriterien gekn\u00fcpfte Mitgliedschaft ist meines Erachtens ein hervorragender Qualifizierungsnachweis, der zur Aus\u00fcbung sicherheitsrelevanter Aufgaben legitimieren kann. Die Formulierung \u201eim Bauwesen t\u00e4tige Ingenieurinnen und Ingenieure\u201c umfasst im \u00dcbrigen nicht nur die selbst\u00e4ndigen Freiberufler, sondern schlie\u00dft auch angestellte Ingenieurinnen und Ingenieure ein, insbesondere wenn diese in leitender Funktion mit Weisungsbefugnis gegen\u00fcber nachgeordnetem Personal t\u00e4tig sind. In diesem Kontext sind verschiedene Aspekte der Sicherheit und deren W\u00fcrdigung in den Konditionen der Kammermitgliedschaft zu betrachten.<br \/>\nDie technische Sicherheit der Bauwerke und Anlagen, im Sinne von konstruktiver, statischer und brandschutztechnischer Sicherheit wird durch Planen und Bauen nach aktuellem technischen und gesetzlichen Regelwerk gew\u00e4hrt. Die daf\u00fcr notwendigen Fachkenntnisse erlangen die Ingenieurinnen und Ingenieure im Studium, festigen und erweitern diese durch berufsbegleitende Fortbildung und im Zuge der Berufsaus\u00fcbung. Dar\u00fcber hinaus m\u00fcssen wir meines Erachtens auch Sicherheitsanforderungen im Sinne von Pr\u00e4vention vor jeglicher Art fahrl\u00e4ssig oder vors\u00e4tzlich herbeigef\u00fchrter Fehlleistung, Manipulation bis hin zu Sabotage und Spionage in unsere Betrachtungen einbeziehen. Dieser Aspekt, dem insbesondere bei \u00f6ffentlich bedeutsamen Bauwerken, wie beispielsweise Veranstaltungs- und Versammlungsr\u00e4umen oder auch Bauwerken und technischen Anlagen der Infrastruktur besondere Bedeutung zukommt, richtet sich zus\u00e4tzlich an die Pers\u00f6nlichkeit der Ingenieurinnen und Ingenieure. Diese m\u00fcssen nach ihrer Pers\u00f6nlichkeit Gew\u00e4hr daf\u00fcr bieten, dass sie den Aufgaben ihres Berufes gewachsen sind und diese gewissenhaft erf\u00fcllen. Bez\u00fcglich der Konditionen f\u00fcr die Kammermitgliedschaft kann ich mir eine Differenzierung nach ma\u00dfnahmenspezifischen Sicherheitsanforderungen<br \/>\nvorstellen. Oder plakativ ausgedr\u00fcckt: f\u00fcr Planende im Bereich des privaten H\u00e4uschenbaus sind Anerkennungskriterien sicher niederschwelliger anzusetzen als f\u00fcr Kolleginnen und Kollegen, die an komplexen Ma\u00dfnahmen wie Versammlungsst\u00e4tten oder Infrastrukturma\u00dfnahmen mitwirken.<\/p>\n<p>&nbsp;<\/p>\n<h4>5. Welche Bedeutung messen Sie dem Freien Ingenieurberuf und dessen Organisation in der beruflichen Selbstverwaltung zu?<\/h4>\n<p>Vor allem unsere unabh\u00e4ngige Beratung, die frei von Liefer- und Leistungserbringung und auf h\u00f6chstem fachlichen Niveau erbracht wird, bietet unseren privaten und \u00f6ffentlichen Bauherren die Gew\u00e4hr der Wertsch\u00f6pfung in deren alleinigem Interesse. Insbesondere dieses charakteristische Merkmal ist ein gro\u00dfes Pfund des freien Ingenieurberufes und muss wieder verst\u00e4rkt im Bewusstsein von Politik und Gesellschaft hervorgehoben werden. In diesem Sinne ist die Vertretung unserer gemeinschaftlichen berufsst\u00e4ndischen Interessen neben der Selbstverwaltung die wichtigste Aufgabe der Ingenieurkammern auf Landes- und Bundesebene.<\/p>\n","protected":false},"excerpt":{"rendered":"<p>Was sind die Pl\u00e4ne des neuen Vorstands? Beisitzer Herr Dr.-Ing. Marko Bro\u00dfmann im Interview 1. Welche Gr\u00fcnde haben Sie bewogen, zu kandidieren? Ich bin Ingenieur mit Leib und Seele und&hellip;<\/p>\n","protected":false},"author":11,"featured_media":9119,"comment_status":"closed","ping_status":"closed","sticky":false,"template":"","format":"standard","meta":{"_acf_changed":false,"footnotes":""},"categories":[320,1,325,76],"tags":[],"class_list":{"0":"post-9118","1":"post","2":"type-post","3":"status-publish","4":"format-standard","5":"has-post-thumbnail","6":"hentry","7":"category-320","8":"category-allgemein","9":"category-kammer-arbeit","10":"category-news","12":"category-1","13":"category-325","14":"category-76","15":"description-off"},"acf":[],"yoast_head":"<!-- This site is optimized with the Yoast SEO plugin v26.4 - https:\/\/yoast.com\/wordpress\/plugins\/seo\/ -->\n<title>Ingenieurkammer Th\u00fcringen: Auf Kurs f\u00fcr die Zukunft? - Ingenieurkammer Th\u00fcringen<\/title>\n<meta name=\"description\" content=\"0\" \/>\n<meta name=\"robots\" content=\"index, follow, max-snippet:-1, max-image-preview:large, max-video-preview:-1\" \/>\n<link rel=\"canonical\" href=\"https:\/\/ikth.de\/startseite\/ingenieurkammer-thueringen-auf-kurs-fuer-die-zukunft-6\/\" \/>\n<meta property=\"og:locale\" content=\"de_DE\" \/>\n<meta property=\"og:type\" content=\"article\" \/>\n<meta property=\"og:title\" content=\"Ingenieurkammer Th\u00fcringen: Auf Kurs f\u00fcr die Zukunft? - Ingenieurkammer Th\u00fcringen\" \/>\n<meta property=\"og:description\" content=\"Was sind die Pl\u00e4ne des neuen Vorstands? Beisitzer Herr Dr.-Ing. Marko Bro\u00dfmann im Interview 1. Welche Gr\u00fcnde haben Sie bewogen, zu kandidieren? Ich bin Ingenieur mit Leib und Seele und&hellip;\" \/>\n<meta property=\"og:url\" content=\"https:\/\/ikth.de\/startseite\/ingenieurkammer-thueringen-auf-kurs-fuer-die-zukunft-6\/\" \/>\n<meta property=\"og:site_name\" content=\"Ingenieurkammer Th\u00fcringen\" \/>\n<meta property=\"article:published_time\" content=\"2025-08-18T12:29:14+00:00\" \/>\n<meta property=\"article:modified_time\" content=\"2025-12-09T12:45:29+00:00\" \/>\n<meta property=\"og:image\" content=\"https:\/\/ikth.de\/wp-content\/uploads\/2025\/08\/IngTh_Vorstand_Druck-3.jpg\" \/>\n\t<meta property=\"og:image:width\" content=\"2560\" \/>\n\t<meta property=\"og:image:height\" content=\"1708\" \/>\n\t<meta property=\"og:image:type\" content=\"image\/jpeg\" \/>\n<meta name=\"author\" content=\"Ingenieurkammer Th\u00fcringen\" \/>\n<meta name=\"twitter:card\" content=\"summary_large_image\" \/>\n<meta name=\"twitter:label1\" content=\"Verfasst von\" \/>\n\t<meta name=\"twitter:data1\" content=\"Ingenieurkammer Th\u00fcringen\" \/>\n\t<meta name=\"twitter:label2\" content=\"Gesch\u00e4tzte Lesezeit\" \/>\n\t<meta name=\"twitter:data2\" content=\"5\u00a0Minuten\" \/>\n<script type=\"application\/ld+json\" class=\"yoast-schema-graph\">{\"@context\":\"https:\/\/schema.org\",\"@graph\":[{\"@type\":\"WebPage\",\"@id\":\"https:\/\/ikth.de\/startseite\/ingenieurkammer-thueringen-auf-kurs-fuer-die-zukunft-6\/\",\"url\":\"https:\/\/ikth.de\/startseite\/ingenieurkammer-thueringen-auf-kurs-fuer-die-zukunft-6\/\",\"name\":\"Ingenieurkammer Th\u00fcringen: Auf Kurs f\u00fcr die Zukunft? - Ingenieurkammer Th\u00fcringen\",\"isPartOf\":{\"@id\":\"https:\/\/ikth.de\/startseite\/#website\"},\"primaryImageOfPage\":{\"@id\":\"https:\/\/ikth.de\/startseite\/ingenieurkammer-thueringen-auf-kurs-fuer-die-zukunft-6\/#primaryimage\"},\"image\":{\"@id\":\"https:\/\/ikth.de\/startseite\/ingenieurkammer-thueringen-auf-kurs-fuer-die-zukunft-6\/#primaryimage\"},\"thumbnailUrl\":\"https:\/\/ikth.de\/wp-content\/uploads\/2025\/08\/IngTh_Vorstand_Druck-3.jpg\",\"datePublished\":\"2025-08-18T12:29:14+00:00\",\"dateModified\":\"2025-12-09T12:45:29+00:00\",\"author\":{\"@id\":\"https:\/\/ikth.de\/startseite\/#\/schema\/person\/ca462035dfa975c769f13b3f71e02cbb\"},\"breadcrumb\":{\"@id\":\"https:\/\/ikth.de\/startseite\/ingenieurkammer-thueringen-auf-kurs-fuer-die-zukunft-6\/#breadcrumb\"},\"inLanguage\":\"de\",\"potentialAction\":[{\"@type\":\"ReadAction\",\"target\":[\"https:\/\/ikth.de\/startseite\/ingenieurkammer-thueringen-auf-kurs-fuer-die-zukunft-6\/\"]}]},{\"@type\":\"ImageObject\",\"inLanguage\":\"de\",\"@id\":\"https:\/\/ikth.de\/startseite\/ingenieurkammer-thueringen-auf-kurs-fuer-die-zukunft-6\/#primaryimage\",\"url\":\"https:\/\/ikth.de\/wp-content\/uploads\/2025\/08\/IngTh_Vorstand_Druck-3.jpg\",\"contentUrl\":\"https:\/\/ikth.de\/wp-content\/uploads\/2025\/08\/IngTh_Vorstand_Druck-3.jpg\",\"width\":2560,\"height\":1708,\"caption\":\"Vorstand, Dr. Bro\u00dfmann\"},{\"@type\":\"BreadcrumbList\",\"@id\":\"https:\/\/ikth.de\/startseite\/ingenieurkammer-thueringen-auf-kurs-fuer-die-zukunft-6\/#breadcrumb\",\"itemListElement\":[{\"@type\":\"ListItem\",\"position\":1,\"name\":\"Startseite\",\"item\":\"https:\/\/ikth.de\/startseite\/\"},{\"@type\":\"ListItem\",\"position\":2,\"name\":\"Ingenieurkammer Th\u00fcringen: Auf Kurs f\u00fcr die Zukunft?\"}]},{\"@type\":\"WebSite\",\"@id\":\"https:\/\/ikth.de\/startseite\/#website\",\"url\":\"https:\/\/ikth.de\/startseite\/\",\"name\":\"Ingenieurkammer Th\u00fcringen\",\"description\":\"\",\"potentialAction\":[{\"@type\":\"SearchAction\",\"target\":{\"@type\":\"EntryPoint\",\"urlTemplate\":\"https:\/\/ikth.de\/startseite\/?s={search_term_string}\"},\"query-input\":{\"@type\":\"PropertyValueSpecification\",\"valueRequired\":true,\"valueName\":\"search_term_string\"}}],\"inLanguage\":\"de\"},{\"@type\":\"Person\",\"@id\":\"https:\/\/ikth.de\/startseite\/#\/schema\/person\/ca462035dfa975c769f13b3f71e02cbb\",\"name\":\"Ingenieurkammer Th\u00fcringen\",\"image\":{\"@type\":\"ImageObject\",\"inLanguage\":\"de\",\"@id\":\"https:\/\/ikth.de\/startseite\/#\/schema\/person\/image\/\",\"url\":\"https:\/\/secure.gravatar.com\/avatar\/8ec23d530dccc94226e84f9914214949505e1f7acd24799e813a74d857017f9b?s=96&d=mm&r=g\",\"contentUrl\":\"https:\/\/secure.gravatar.com\/avatar\/8ec23d530dccc94226e84f9914214949505e1f7acd24799e813a74d857017f9b?s=96&d=mm&r=g\",\"caption\":\"Ingenieurkammer Th\u00fcringen\"},\"url\":\"https:\/\/ikth.de\/startseite\/author\/praktikant\/\"}]}<\/script>\n<!-- \/ Yoast SEO plugin. -->","yoast_head_json":{"title":"Ingenieurkammer Th\u00fcringen: Auf Kurs f\u00fcr die Zukunft? - Ingenieurkammer Th\u00fcringen","robots":{"index":"index","follow":"follow","max-snippet":"max-snippet:-1","max-image-preview":"max-image-preview:large","max-video-preview":"max-video-preview:-1"},"canonical":"https:\/\/ikth.de\/startseite\/ingenieurkammer-thueringen-auf-kurs-fuer-die-zukunft-6\/","og_locale":"de_DE","og_type":"article","og_title":"Ingenieurkammer Th\u00fcringen: Auf Kurs f\u00fcr die Zukunft? - Ingenieurkammer Th\u00fcringen","og_description":"Was sind die Pl\u00e4ne des neuen Vorstands? Beisitzer Herr Dr.-Ing. Marko Bro\u00dfmann im Interview 1. Welche Gr\u00fcnde haben Sie bewogen, zu kandidieren? Ich bin Ingenieur mit Leib und Seele und&hellip;","og_url":"https:\/\/ikth.de\/startseite\/ingenieurkammer-thueringen-auf-kurs-fuer-die-zukunft-6\/","og_site_name":"Ingenieurkammer Th\u00fcringen","article_published_time":"2025-08-18T12:29:14+00:00","article_modified_time":"2025-12-09T12:45:29+00:00","og_image":[{"width":2560,"height":1708,"url":"https:\/\/ikth.de\/wp-content\/uploads\/2025\/08\/IngTh_Vorstand_Druck-3.jpg","type":"image\/jpeg"}],"author":"Ingenieurkammer Th\u00fcringen","twitter_card":"summary_large_image","twitter_misc":{"Verfasst von":"Ingenieurkammer Th\u00fcringen","Gesch\u00e4tzte Lesezeit":"5\u00a0Minuten"},"schema":{"@context":"https:\/\/schema.org","@graph":[{"@type":"WebPage","@id":"https:\/\/ikth.de\/startseite\/ingenieurkammer-thueringen-auf-kurs-fuer-die-zukunft-6\/","url":"https:\/\/ikth.de\/startseite\/ingenieurkammer-thueringen-auf-kurs-fuer-die-zukunft-6\/","name":"Ingenieurkammer Th\u00fcringen: Auf Kurs f\u00fcr die Zukunft? - Ingenieurkammer Th\u00fcringen","isPartOf":{"@id":"https:\/\/ikth.de\/startseite\/#website"},"primaryImageOfPage":{"@id":"https:\/\/ikth.de\/startseite\/ingenieurkammer-thueringen-auf-kurs-fuer-die-zukunft-6\/#primaryimage"},"image":{"@id":"https:\/\/ikth.de\/startseite\/ingenieurkammer-thueringen-auf-kurs-fuer-die-zukunft-6\/#primaryimage"},"thumbnailUrl":"https:\/\/ikth.de\/wp-content\/uploads\/2025\/08\/IngTh_Vorstand_Druck-3.jpg","datePublished":"2025-08-18T12:29:14+00:00","dateModified":"2025-12-09T12:45:29+00:00","author":{"@id":"https:\/\/ikth.de\/startseite\/#\/schema\/person\/ca462035dfa975c769f13b3f71e02cbb"},"breadcrumb":{"@id":"https:\/\/ikth.de\/startseite\/ingenieurkammer-thueringen-auf-kurs-fuer-die-zukunft-6\/#breadcrumb"},"inLanguage":"de","potentialAction":[{"@type":"ReadAction","target":["https:\/\/ikth.de\/startseite\/ingenieurkammer-thueringen-auf-kurs-fuer-die-zukunft-6\/"]}]},{"@type":"ImageObject","inLanguage":"de","@id":"https:\/\/ikth.de\/startseite\/ingenieurkammer-thueringen-auf-kurs-fuer-die-zukunft-6\/#primaryimage","url":"https:\/\/ikth.de\/wp-content\/uploads\/2025\/08\/IngTh_Vorstand_Druck-3.jpg","contentUrl":"https:\/\/ikth.de\/wp-content\/uploads\/2025\/08\/IngTh_Vorstand_Druck-3.jpg","width":2560,"height":1708,"caption":"Vorstand, Dr. Bro\u00dfmann"},{"@type":"BreadcrumbList","@id":"https:\/\/ikth.de\/startseite\/ingenieurkammer-thueringen-auf-kurs-fuer-die-zukunft-6\/#breadcrumb","itemListElement":[{"@type":"ListItem","position":1,"name":"Startseite","item":"https:\/\/ikth.de\/startseite\/"},{"@type":"ListItem","position":2,"name":"Ingenieurkammer Th\u00fcringen: Auf Kurs f\u00fcr die Zukunft?"}]},{"@type":"WebSite","@id":"https:\/\/ikth.de\/startseite\/#website","url":"https:\/\/ikth.de\/startseite\/","name":"Ingenieurkammer Th\u00fcringen","description":"","potentialAction":[{"@type":"SearchAction","target":{"@type":"EntryPoint","urlTemplate":"https:\/\/ikth.de\/startseite\/?s={search_term_string}"},"query-input":{"@type":"PropertyValueSpecification","valueRequired":true,"valueName":"search_term_string"}}],"inLanguage":"de"},{"@type":"Person","@id":"https:\/\/ikth.de\/startseite\/#\/schema\/person\/ca462035dfa975c769f13b3f71e02cbb","name":"Ingenieurkammer Th\u00fcringen","image":{"@type":"ImageObject","inLanguage":"de","@id":"https:\/\/ikth.de\/startseite\/#\/schema\/person\/image\/","url":"https:\/\/secure.gravatar.com\/avatar\/8ec23d530dccc94226e84f9914214949505e1f7acd24799e813a74d857017f9b?s=96&d=mm&r=g","contentUrl":"https:\/\/secure.gravatar.com\/avatar\/8ec23d530dccc94226e84f9914214949505e1f7acd24799e813a74d857017f9b?s=96&d=mm&r=g","caption":"Ingenieurkammer Th\u00fcringen"},"url":"https:\/\/ikth.de\/startseite\/author\/praktikant\/"}]}},"_links":{"self":[{"href":"https:\/\/ikth.de\/startseite\/wp-json\/wp\/v2\/posts\/9118","targetHints":{"allow":["GET"]}}],"collection":[{"href":"https:\/\/ikth.de\/startseite\/wp-json\/wp\/v2\/posts"}],"about":[{"href":"https:\/\/ikth.de\/startseite\/wp-json\/wp\/v2\/types\/post"}],"author":[{"embeddable":true,"href":"https:\/\/ikth.de\/startseite\/wp-json\/wp\/v2\/users\/11"}],"replies":[{"embeddable":true,"href":"https:\/\/ikth.de\/startseite\/wp-json\/wp\/v2\/comments?post=9118"}],"version-history":[{"count":2,"href":"https:\/\/ikth.de\/startseite\/wp-json\/wp\/v2\/posts\/9118\/revisions"}],"predecessor-version":[{"id":9121,"href":"https:\/\/ikth.de\/startseite\/wp-json\/wp\/v2\/posts\/9118\/revisions\/9121"}],"wp:featuredmedia":[{"embeddable":true,"href":"https:\/\/ikth.de\/startseite\/wp-json\/wp\/v2\/media\/9119"}],"wp:attachment":[{"href":"https:\/\/ikth.de\/startseite\/wp-json\/wp\/v2\/media?parent=9118"}],"wp:term":[{"taxonomy":"category","embeddable":true,"href":"https:\/\/ikth.de\/startseite\/wp-json\/wp\/v2\/categories?post=9118"},{"taxonomy":"post_tag","embeddable":true,"href":"https:\/\/ikth.de\/startseite\/wp-json\/wp\/v2\/tags?post=9118"}],"curies":[{"name":"wp","href":"https:\/\/api.w.org\/{rel}","templated":true}]}}