{"id":7705,"date":"2024-11-19T14:44:40","date_gmt":"2024-11-19T13:44:40","guid":{"rendered":"https:\/\/ikth.de\/startseite\/?p=7705"},"modified":"2026-01-07T14:25:57","modified_gmt":"2026-01-07T13:25:57","slug":"konstituierende-sitzung-der-7-vertreterversammlung","status":"publish","type":"post","link":"https:\/\/ikth.de\/startseite\/konstituierende-sitzung-der-7-vertreterversammlung\/","title":{"rendered":"Konstituierende Sitzung der 7. Vertreterversammlung"},"content":{"rendered":"<p>Zu ihrer konstituierenden Sitzung kamen die Mitglieder der 7. Vertreterversammlung der Ingenieurkammer Th\u00fcringen (Legislaturperiode 2024 bis 2029) am 24. Oktober 2024 in Erfurt zusammen. Neben der Berichterstattung durch den Pr\u00e4sidenten und der Haushaltsplanung f\u00fcr 2025 standen die Wahl des Vorstandes, die Wahlen der Aussch\u00fcsse und die Wahl der Rechnungspr\u00fcfer auf der Tagesordnung. Die Ergebnisse finden Sie auf unserer Website.<br \/>\nEin zentraler Befassungsgegenstand der diesj\u00e4hrigen Vertreterversammlung war die Finanzausstattung der beruflichen Selbstverwaltung, d. h. die Fortschreibung der Beitragsordnung, der Kostenordnung und der Reisekostenordnung standen zur Beratung und Beschlussfassung.<br \/>\nDie Ingenieurkammer erhebt zur Deckung des Finanzbedarfs j\u00e4hrliche Mitgliedsbeitr\u00e4ge, deren H\u00f6he in der Beitragsordnung geregelt sind. Dabei muss die K\u00f6rperschaft gesetzlich vorgeschriebenen Randbedingungen entsprechen. Eine Ma\u00dfgabe ist, dass die j\u00e4hrlichen Ausgaben durch die j\u00e4hrlichen Einnahmen gedeckt werden. Neben dem Kostendeckungsprinzip sind dabei Grunds\u00e4tze des staatlichen Haushaltsrechts, das Gebot der Haushaltswahrheit und das Gebot der Sch\u00e4tzgenauigkeit zu beachten.<\/p>\n","protected":false},"excerpt":{"rendered":"<p>Zu ihrer konstituierenden Sitzung kamen die Mitglieder der 7. Vertreterversammlung der Ingenieurkammer Th\u00fcringen (Legislaturperiode 2024 bis 2029) am 24. Oktober 2024 in Erfurt zusammen. Neben der Berichterstattung durch den Pr\u00e4sidenten&hellip;<\/p>\n","protected":false},"author":11,"featured_media":7701,"comment_status":"closed","ping_status":"closed","sticky":false,"template":"","format":"standard","meta":{"_acf_changed":false,"footnotes":""},"categories":[1,76],"tags":[],"class_list":["post-7705","post","type-post","status-publish","format-standard","has-post-thumbnail","hentry","category-allgemein","category-news","category-1","category-76","description-off"],"acf":[],"yoast_head":"<!-- This site is optimized with the Yoast SEO plugin v26.4 - https:\/\/yoast.com\/wordpress\/plugins\/seo\/ -->\n<title>Konstituierende Sitzung der 7. Vertreterversammlung - Ingenieurkammer Th\u00fcringen<\/title>\n<meta name=\"description\" content=\"0\" \/>\n<meta name=\"robots\" content=\"index, follow, max-snippet:-1, max-image-preview:large, max-video-preview:-1\" \/>\n<link rel=\"canonical\" href=\"https:\/\/ikth.de\/startseite\/konstituierende-sitzung-der-7-vertreterversammlung\/\" \/>\n<meta property=\"og:locale\" content=\"de_DE\" \/>\n<meta property=\"og:type\" content=\"article\" \/>\n<meta property=\"og:title\" content=\"Konstituierende Sitzung der 7. Vertreterversammlung - Ingenieurkammer Th\u00fcringen\" \/>\n<meta property=\"og:description\" content=\"Zu ihrer konstituierenden Sitzung kamen die Mitglieder der 7. Vertreterversammlung der Ingenieurkammer Th\u00fcringen (Legislaturperiode 2024 bis 2029) am 24. Oktober 2024 in Erfurt zusammen. Neben der Berichterstattung durch den Pr\u00e4sidenten&hellip;\" \/>\n<meta property=\"og:url\" content=\"https:\/\/ikth.de\/startseite\/konstituierende-sitzung-der-7-vertreterversammlung\/\" \/>\n<meta property=\"og:site_name\" content=\"Ingenieurkammer Th\u00fcringen\" \/>\n<meta property=\"article:published_time\" content=\"2024-11-19T13:44:40+00:00\" \/>\n<meta property=\"article:modified_time\" content=\"2026-01-07T13:25:57+00:00\" \/>\n<meta property=\"og:image\" content=\"https:\/\/ikth.de\/wp-content\/uploads\/2024\/11\/VV_DIB-scaled.jpg\" \/>\n\t<meta property=\"og:image:width\" content=\"2560\" \/>\n\t<meta property=\"og:image:height\" content=\"1367\" \/>\n\t<meta property=\"og:image:type\" content=\"image\/jpeg\" \/>\n<meta name=\"author\" content=\"Ingenieurkammer Th\u00fcringen\" \/>\n<meta name=\"twitter:card\" content=\"summary_large_image\" \/>\n<meta name=\"twitter:label1\" content=\"Verfasst von\" \/>\n\t<meta name=\"twitter:data1\" content=\"Ingenieurkammer Th\u00fcringen\" \/>\n\t<meta name=\"twitter:label2\" content=\"Gesch\u00e4tzte Lesezeit\" \/>\n\t<meta name=\"twitter:data2\" content=\"2\u00a0Minuten\" \/>\n<script type=\"application\/ld+json\" class=\"yoast-schema-graph\">{\"@context\":\"https:\/\/schema.org\",\"@graph\":[{\"@type\":\"WebPage\",\"@id\":\"https:\/\/ikth.de\/startseite\/konstituierende-sitzung-der-7-vertreterversammlung\/\",\"url\":\"https:\/\/ikth.de\/startseite\/konstituierende-sitzung-der-7-vertreterversammlung\/\",\"name\":\"Konstituierende Sitzung der 7. Vertreterversammlung - Ingenieurkammer Th\u00fcringen\",\"isPartOf\":{\"@id\":\"https:\/\/ikth.de\/startseite\/#website\"},\"primaryImageOfPage\":{\"@id\":\"https:\/\/ikth.de\/startseite\/konstituierende-sitzung-der-7-vertreterversammlung\/#primaryimage\"},\"image\":{\"@id\":\"https:\/\/ikth.de\/startseite\/konstituierende-sitzung-der-7-vertreterversammlung\/#primaryimage\"},\"thumbnailUrl\":\"https:\/\/ikth.de\/wp-content\/uploads\/2024\/11\/VV_DIB-scaled.jpg\",\"datePublished\":\"2024-11-19T13:44:40+00:00\",\"dateModified\":\"2026-01-07T13:25:57+00:00\",\"author\":{\"@id\":\"https:\/\/ikth.de\/startseite\/#\/schema\/person\/ca462035dfa975c769f13b3f71e02cbb\"},\"breadcrumb\":{\"@id\":\"https:\/\/ikth.de\/startseite\/konstituierende-sitzung-der-7-vertreterversammlung\/#breadcrumb\"},\"inLanguage\":\"de\",\"potentialAction\":[{\"@type\":\"ReadAction\",\"target\":[\"https:\/\/ikth.de\/startseite\/konstituierende-sitzung-der-7-vertreterversammlung\/\"]}]},{\"@type\":\"ImageObject\",\"inLanguage\":\"de\",\"@id\":\"https:\/\/ikth.de\/startseite\/konstituierende-sitzung-der-7-vertreterversammlung\/#primaryimage\",\"url\":\"https:\/\/ikth.de\/wp-content\/uploads\/2024\/11\/VV_DIB-scaled.jpg\",\"contentUrl\":\"https:\/\/ikth.de\/wp-content\/uploads\/2024\/11\/VV_DIB-scaled.jpg\",\"width\":2560,\"height\":1367,\"caption\":\"Stimmwahlberechtigte heben ihren Arm bei der Wahl\"},{\"@type\":\"BreadcrumbList\",\"@id\":\"https:\/\/ikth.de\/startseite\/konstituierende-sitzung-der-7-vertreterversammlung\/#breadcrumb\",\"itemListElement\":[{\"@type\":\"ListItem\",\"position\":1,\"name\":\"Startseite\",\"item\":\"https:\/\/ikth.de\/startseite\/\"},{\"@type\":\"ListItem\",\"position\":2,\"name\":\"Konstituierende Sitzung der 7. Vertreterversammlung\"}]},{\"@type\":\"WebSite\",\"@id\":\"https:\/\/ikth.de\/startseite\/#website\",\"url\":\"https:\/\/ikth.de\/startseite\/\",\"name\":\"Ingenieurkammer Th\u00fcringen\",\"description\":\"\",\"potentialAction\":[{\"@type\":\"SearchAction\",\"target\":{\"@type\":\"EntryPoint\",\"urlTemplate\":\"https:\/\/ikth.de\/startseite\/?s={search_term_string}\"},\"query-input\":{\"@type\":\"PropertyValueSpecification\",\"valueRequired\":true,\"valueName\":\"search_term_string\"}}],\"inLanguage\":\"de\"},{\"@type\":\"Person\",\"@id\":\"https:\/\/ikth.de\/startseite\/#\/schema\/person\/ca462035dfa975c769f13b3f71e02cbb\",\"name\":\"Ingenieurkammer Th\u00fcringen\",\"image\":{\"@type\":\"ImageObject\",\"inLanguage\":\"de\",\"@id\":\"https:\/\/ikth.de\/startseite\/#\/schema\/person\/image\/\",\"url\":\"https:\/\/secure.gravatar.com\/avatar\/8ec23d530dccc94226e84f9914214949505e1f7acd24799e813a74d857017f9b?s=96&d=mm&r=g\",\"contentUrl\":\"https:\/\/secure.gravatar.com\/avatar\/8ec23d530dccc94226e84f9914214949505e1f7acd24799e813a74d857017f9b?s=96&d=mm&r=g\",\"caption\":\"Ingenieurkammer Th\u00fcringen\"},\"url\":\"https:\/\/ikth.de\/startseite\/author\/praktikant\/\"}]}<\/script>\n<!-- \/ Yoast SEO plugin. -->","yoast_head_json":{"title":"Konstituierende Sitzung der 7. Vertreterversammlung - Ingenieurkammer Th\u00fcringen","robots":{"index":"index","follow":"follow","max-snippet":"max-snippet:-1","max-image-preview":"max-image-preview:large","max-video-preview":"max-video-preview:-1"},"canonical":"https:\/\/ikth.de\/startseite\/konstituierende-sitzung-der-7-vertreterversammlung\/","og_locale":"de_DE","og_type":"article","og_title":"Konstituierende Sitzung der 7. Vertreterversammlung - Ingenieurkammer Th\u00fcringen","og_description":"Zu ihrer konstituierenden Sitzung kamen die Mitglieder der 7. Vertreterversammlung der Ingenieurkammer Th\u00fcringen (Legislaturperiode 2024 bis 2029) am 24. Oktober 2024 in Erfurt zusammen. Neben der Berichterstattung durch den Pr\u00e4sidenten&hellip;","og_url":"https:\/\/ikth.de\/startseite\/konstituierende-sitzung-der-7-vertreterversammlung\/","og_site_name":"Ingenieurkammer Th\u00fcringen","article_published_time":"2024-11-19T13:44:40+00:00","article_modified_time":"2026-01-07T13:25:57+00:00","og_image":[{"width":2560,"height":1367,"url":"https:\/\/ikth.de\/wp-content\/uploads\/2024\/11\/VV_DIB-scaled.jpg","type":"image\/jpeg"}],"author":"Ingenieurkammer Th\u00fcringen","twitter_card":"summary_large_image","twitter_misc":{"Verfasst von":"Ingenieurkammer Th\u00fcringen","Gesch\u00e4tzte Lesezeit":"2\u00a0Minuten"},"schema":{"@context":"https:\/\/schema.org","@graph":[{"@type":"WebPage","@id":"https:\/\/ikth.de\/startseite\/konstituierende-sitzung-der-7-vertreterversammlung\/","url":"https:\/\/ikth.de\/startseite\/konstituierende-sitzung-der-7-vertreterversammlung\/","name":"Konstituierende Sitzung der 7. Vertreterversammlung - Ingenieurkammer Th\u00fcringen","isPartOf":{"@id":"https:\/\/ikth.de\/startseite\/#website"},"primaryImageOfPage":{"@id":"https:\/\/ikth.de\/startseite\/konstituierende-sitzung-der-7-vertreterversammlung\/#primaryimage"},"image":{"@id":"https:\/\/ikth.de\/startseite\/konstituierende-sitzung-der-7-vertreterversammlung\/#primaryimage"},"thumbnailUrl":"https:\/\/ikth.de\/wp-content\/uploads\/2024\/11\/VV_DIB-scaled.jpg","datePublished":"2024-11-19T13:44:40+00:00","dateModified":"2026-01-07T13:25:57+00:00","author":{"@id":"https:\/\/ikth.de\/startseite\/#\/schema\/person\/ca462035dfa975c769f13b3f71e02cbb"},"breadcrumb":{"@id":"https:\/\/ikth.de\/startseite\/konstituierende-sitzung-der-7-vertreterversammlung\/#breadcrumb"},"inLanguage":"de","potentialAction":[{"@type":"ReadAction","target":["https:\/\/ikth.de\/startseite\/konstituierende-sitzung-der-7-vertreterversammlung\/"]}]},{"@type":"ImageObject","inLanguage":"de","@id":"https:\/\/ikth.de\/startseite\/konstituierende-sitzung-der-7-vertreterversammlung\/#primaryimage","url":"https:\/\/ikth.de\/wp-content\/uploads\/2024\/11\/VV_DIB-scaled.jpg","contentUrl":"https:\/\/ikth.de\/wp-content\/uploads\/2024\/11\/VV_DIB-scaled.jpg","width":2560,"height":1367,"caption":"Stimmwahlberechtigte heben ihren Arm bei der Wahl"},{"@type":"BreadcrumbList","@id":"https:\/\/ikth.de\/startseite\/konstituierende-sitzung-der-7-vertreterversammlung\/#breadcrumb","itemListElement":[{"@type":"ListItem","position":1,"name":"Startseite","item":"https:\/\/ikth.de\/startseite\/"},{"@type":"ListItem","position":2,"name":"Konstituierende Sitzung der 7. Vertreterversammlung"}]},{"@type":"WebSite","@id":"https:\/\/ikth.de\/startseite\/#website","url":"https:\/\/ikth.de\/startseite\/","name":"Ingenieurkammer Th\u00fcringen","description":"","potentialAction":[{"@type":"SearchAction","target":{"@type":"EntryPoint","urlTemplate":"https:\/\/ikth.de\/startseite\/?s={search_term_string}"},"query-input":{"@type":"PropertyValueSpecification","valueRequired":true,"valueName":"search_term_string"}}],"inLanguage":"de"},{"@type":"Person","@id":"https:\/\/ikth.de\/startseite\/#\/schema\/person\/ca462035dfa975c769f13b3f71e02cbb","name":"Ingenieurkammer Th\u00fcringen","image":{"@type":"ImageObject","inLanguage":"de","@id":"https:\/\/ikth.de\/startseite\/#\/schema\/person\/image\/","url":"https:\/\/secure.gravatar.com\/avatar\/8ec23d530dccc94226e84f9914214949505e1f7acd24799e813a74d857017f9b?s=96&d=mm&r=g","contentUrl":"https:\/\/secure.gravatar.com\/avatar\/8ec23d530dccc94226e84f9914214949505e1f7acd24799e813a74d857017f9b?s=96&d=mm&r=g","caption":"Ingenieurkammer Th\u00fcringen"},"url":"https:\/\/ikth.de\/startseite\/author\/praktikant\/"}]}},"_links":{"self":[{"href":"https:\/\/ikth.de\/startseite\/wp-json\/wp\/v2\/posts\/7705","targetHints":{"allow":["GET"]}}],"collection":[{"href":"https:\/\/ikth.de\/startseite\/wp-json\/wp\/v2\/posts"}],"about":[{"href":"https:\/\/ikth.de\/startseite\/wp-json\/wp\/v2\/types\/post"}],"author":[{"embeddable":true,"href":"https:\/\/ikth.de\/startseite\/wp-json\/wp\/v2\/users\/11"}],"replies":[{"embeddable":true,"href":"https:\/\/ikth.de\/startseite\/wp-json\/wp\/v2\/comments?post=7705"}],"version-history":[{"count":2,"href":"https:\/\/ikth.de\/startseite\/wp-json\/wp\/v2\/posts\/7705\/revisions"}],"predecessor-version":[{"id":7707,"href":"https:\/\/ikth.de\/startseite\/wp-json\/wp\/v2\/posts\/7705\/revisions\/7707"}],"wp:featuredmedia":[{"embeddable":true,"href":"https:\/\/ikth.de\/startseite\/wp-json\/wp\/v2\/media\/7701"}],"wp:attachment":[{"href":"https:\/\/ikth.de\/startseite\/wp-json\/wp\/v2\/media?parent=7705"}],"wp:term":[{"taxonomy":"category","embeddable":true,"href":"https:\/\/ikth.de\/startseite\/wp-json\/wp\/v2\/categories?post=7705"},{"taxonomy":"post_tag","embeddable":true,"href":"https:\/\/ikth.de\/startseite\/wp-json\/wp\/v2\/tags?post=7705"}],"curies":[{"name":"wp","href":"https:\/\/api.w.org\/{rel}","templated":true}]}}