{"id":7661,"date":"2024-11-11T14:47:20","date_gmt":"2024-11-11T13:47:20","guid":{"rendered":"https:\/\/ikth.de\/startseite\/?p=7661"},"modified":"2026-01-07T14:24:27","modified_gmt":"2026-01-07T13:24:27","slug":"kreislaufgerechte-strassen-und-tiefbaumassnahmen-wie-geht-das","status":"publish","type":"post","link":"https:\/\/ikth.de\/startseite\/kreislaufgerechte-strassen-und-tiefbaumassnahmen-wie-geht-das\/","title":{"rendered":"KREISLAUFGERECHTE STRASSEN- UND TIEFBAUMASSNAHMEN \u2013 (WIE) GEHT DAS?"},"content":{"rendered":"<h3>KREISLAUFGERECHTE STRASSEN- UND<br \/>\nTIEFBAUMASSNAHMEN \u2013 (WIE) GEHT DAS?<\/h3>\n<p>Donnerstag, 05.12.2024, Schloss Ettersburg, Am Schloss 1, 99439 Ettersburg<br \/>\n\u201eWir drehen uns im Kreis!\u201c<\/p>\n<p>Diese Redewendung ist negativ konnotiert und wird im allgemeinen Sprachgebrauch dann verwendet,<br \/>\nwenn etwas oder jemand trotz etwaiger Bem\u00fchungen keine Fortschritte erzielt.<br \/>\nIm Kontext der heutigen Zeit, in der die j\u00e4hrliche Nachfrage nach nachwachsenden Rohstoffen das Angebot und die Kapazit\u00e4t<br \/>\nder Erde zur Reproduktion dieser Ressourcen deutlich \u00fcbersteigt, erlangt diese Redensart jedoch im Sinne eines Ressourcenkreislaufs eine v\u00f6llig neue Bedeutung:<\/p>\n<p>\u201eSich in einem geschlossenen Kreislauf drehen\u201c<\/p>\n<p>steht als Leitprinzip im Fokus der Bauwirtschaft, um Ressourcen zu sparen, Energiebilanzen von Geb\u00e4uden zu verbessern, weniger Abfall zu produzieren und die Rohstoffabh\u00e4ngigkeit zu minimieren.<br \/>\nDieses Ziel verfolgt auch der seit 2023 existierende Gespr\u00e4chskreis<\/p>\n<p>\u201eVerwertung im Stra\u00dfenbau\u201c,<\/p>\n<p>an dem der Bauindustrieverband Hessen-Th\u00fcringen e.V., das Th\u00fcringer Ministerium f\u00fcr Umwelt, Energie und Naturschutz, das Th\u00fcringer Landesamt f\u00fcr Bau und Verkehr, die Ingenieurkammer Th\u00fcringen, die MFPA Materialforschungs- und -pr\u00fcfanstalt an der Bauhaus-Universit\u00e4t Weimar, die IAB &#8211; Institut f\u00fcr Angewandte Bauforschung Weimar <span style=\"color: #000000;\">gGmbH,<\/span> der Unternehmerverband Mineralische Baustoffe (UVMB) e.V., der Deutsche Asphaltverband (DAV) e.V. und die Autobahn GmbH des Bundes beteiligt sind. Im Zuge dessen hat<br \/>\nes sich diese Arbeitsgruppe zur Aufgabe gemacht, Probleme bei der Umsetzung der Kreislaufwirtschaft zu identifizieren und praktische Beispiele zur L\u00f6sung vorzustellen.<br \/>\nZur Umsetzung dieser L\u00f6sungen laden wir Sie recht herzlich zu der Veranstaltung<\/p>\n<p>\u201eKreislaufgerechte Stra\u00dfen- und Tiefbauma\u00dfnahmen \u2013 (wie) geht das?\u201c ein.<\/p>\n<p>Der Schwerpunkt dieser Veranstaltung liegt darin, aufzuzeigen, wie kreislaufgerechtes Bauen im Stra\u00dfen-\/Tiefbau durch den<br \/>\nEinsatz von mineralischen Ersatzbaustoffen gelingen kann.<br \/>\nZielgruppe der Veranstaltung sind kommunale Auftraggeber sowie <span style=\"color: #000000;\">Planungs-\/Ingenieurb\u00fcros.<\/span><\/p>\n<p>&nbsp;<\/p>\n<h3>PROGRAMM:<\/h3>\n<p><strong>9:00 Uhr<\/strong> Begr\u00fc\u00dfungskaffee<br \/>\n<strong>9:30 Uhr<\/strong> Begr\u00fc\u00dfung der G\u00e4ste<br \/>\nDipl.-Ing. Elmar Dr\u00e4ger<br \/>\nPr\u00e4sident der Ingenieurkammer Th\u00fcringen<br \/>\n<strong>9:45 Uhr<\/strong> Rechtliche Grundlagen der Verwertung von mineralischen Ersatzbaustoffen im Stra\u00dfen-\/Tiefbau<br \/>\nReferentin: Anke Lempke, Leiterin der Abteilung 6 &#8211; Technischer Umweltschutz Genehmigungen<br \/>\nTH\u00dcRINGER LANDESAMT F\u00dcR UMWELT, BERGBAU UND NATURSCHUTZ<br \/>\n<strong>10:15 Uhr<\/strong> Planung eines Stra\u00dfen-\/Tiefbauvorhabens unter Verwendung von mineralischen Ersatzbaustoffen Welche Parameter ben\u00f6tige ich als Planungsb\u00fcro\/Auftraggeber, um den Einsatz von mineralischen<br \/>\nErsatzbaustoffen im Rahmen eines Stra\u00dfen-\/Tiefbauvorhabens planen zu k\u00f6nnen und woher erhalte ich die erforderlichen Daten?<br \/>\nReferent: Dipl.-Ing. (TU) Karl-Heinz Bartl \u00a0 Gr\u00fcnder des Ingenieurb\u00fcros IBU<br \/>\n<strong>11:00 Uhr<\/strong> Kaffeepause<br \/>\n<strong>11:30 Uhr<\/strong> Ausschreibung von <span style=\"color: #000000;\">Stra\u00dfen-\/Tiefbauvorhaben<\/span> unter Verwendung von mineralischen Ersatzbaustoffen<br \/>\nWie kann die Leistungsbeschreibung im Rahmen eines Stra\u00dfen-\/Tiefbaubauvorhaben aussehen, wenn<br \/>\ndas Bauvorhaben unter Verwendung von mineralischen Ersatzbaustoffen ausgef\u00fchrt werden soll?<br \/>\nReferent: Dipl.-Ing. (TU) Karl-Heinz Bartl<br \/>\nGr\u00fcnder des Ingenieurb\u00fcros IBU<br \/>\n<strong>12:00 Uhr<\/strong> Unter uns gefragt: 15 Monate EBV &#8211; Welche Erfahrungen hat die Praxis bislang damit gemacht?<br \/>\nAustausch\/Diskussion zwischen Publikum und den Teilnehmern des Gespr\u00e4chskreises<br \/>\n\u201eKreislaufwirtschaft in der Wertsch\u00f6pfungskette Bau\u201c zu der Frage, welche Erfahrung<br \/>\nAuftraggeber und Ingenieurb\u00fcros mit der EBV gemacht haben.<br \/>\n<strong>ca 12:45 Uhr<\/strong> Ende der Veranstaltung<\/p>\n<p>&nbsp;<\/p>\n<h3>KREISLAUFGERECHTE STRASSEN- UND<br \/>\nTIEFBAUMASSNAHMEN \u2013 (WIE) GEHT DAS?<\/h3>\n<p>am 5. Dezember 2024, Schloss Ettersburg, Am Schloss 1, 99439 Ettersburg<br \/>\nVeranstalter:<br \/>\nBauindustrieverband Hessen-Th\u00fcringen e.V.<br \/>\nIngenieurkammer Th\u00fcringen<br \/>\nUnternehmerverband Mineralische Baustoffe (UVMB) e.V.<\/p>\n<p style=\"text-align: left;\">Wir bitten um Ihre Anmeldung bis zum 18. November 2024 unter folgendem<br \/>\nLink: <a href=\"https:\/\/eveeno.com\/289258125\">https:\/\/eveeno.com\/289258125<\/a><\/p>\n<p>Da die Anzahl der Pl\u00e4tze begrenzt ist, bitten wir Sie um eine fr\u00fchzeitige Anmeldung.<br \/>\nBitte nutzen Sie den nahegelegenen geb\u00fchrenfreien Parkplatz des Schlosses.<br \/>\nDie Teilnahme ist kostenfrei.<\/p>\n<p>Bei R\u00fcckfragen wenden Sie sich bitte an:<br \/>\nBauindustrieverband Hessen-Th\u00fcringen e.V.<br \/>\nLandesgruppe Th\u00fcringen \u00b7 Blosenburgstra\u00dfe 4 \u00b7 99096 Erfurt<br \/>\nerfurt@bauindustrie-mitte.de oder telefonisch unter 0361\/60056-0<\/p>\n<p>&nbsp;<\/p>\n","protected":false},"excerpt":{"rendered":"<p>KREISLAUFGERECHTE STRASSEN- UND TIEFBAUMASSNAHMEN \u2013 (WIE) GEHT DAS? Donnerstag, 05.12.2024, Schloss Ettersburg, Am Schloss 1, 99439 Ettersburg \u201eWir drehen uns im Kreis!\u201c Diese Redewendung ist negativ konnotiert und wird im&hellip;<\/p>\n","protected":false},"author":11,"featured_media":7662,"comment_status":"closed","ping_status":"closed","sticky":false,"template":"","format":"standard","meta":{"_acf_changed":false,"footnotes":""},"categories":[319,76,318],"tags":[],"class_list":{"0":"post-7661","1":"post","2":"type-post","3":"status-publish","4":"format-standard","5":"has-post-thumbnail","6":"hentry","7":"category-319","8":"category-news","9":"category-veranstaltung","11":"category-76","12":"category-318","13":"description-off"},"acf":[],"yoast_head":"<!-- This site is optimized with the Yoast SEO plugin v26.4 - https:\/\/yoast.com\/wordpress\/plugins\/seo\/ -->\n<title>KREISLAUFGERECHTE STRASSEN- UND TIEFBAUMASSNAHMEN \u2013 (WIE) GEHT DAS? - Ingenieurkammer Th\u00fcringen<\/title>\n<meta name=\"description\" content=\"0\" \/>\n<meta name=\"robots\" content=\"index, follow, max-snippet:-1, max-image-preview:large, max-video-preview:-1\" \/>\n<link rel=\"canonical\" href=\"https:\/\/ikth.de\/startseite\/kreislaufgerechte-strassen-und-tiefbaumassnahmen-wie-geht-das\/\" \/>\n<meta property=\"og:locale\" content=\"de_DE\" \/>\n<meta property=\"og:type\" content=\"article\" \/>\n<meta property=\"og:title\" content=\"KREISLAUFGERECHTE STRASSEN- UND TIEFBAUMASSNAHMEN \u2013 (WIE) GEHT DAS? - Ingenieurkammer Th\u00fcringen\" \/>\n<meta property=\"og:description\" content=\"KREISLAUFGERECHTE STRASSEN- UND TIEFBAUMASSNAHMEN \u2013 (WIE) GEHT DAS? Donnerstag, 05.12.2024, Schloss Ettersburg, Am Schloss 1, 99439 Ettersburg \u201eWir drehen uns im Kreis!\u201c Diese Redewendung ist negativ konnotiert und wird im&hellip;\" \/>\n<meta property=\"og:url\" content=\"https:\/\/ikth.de\/startseite\/kreislaufgerechte-strassen-und-tiefbaumassnahmen-wie-geht-das\/\" \/>\n<meta property=\"og:site_name\" content=\"Ingenieurkammer Th\u00fcringen\" \/>\n<meta property=\"article:published_time\" content=\"2024-11-11T13:47:20+00:00\" \/>\n<meta property=\"article:modified_time\" content=\"2026-01-07T13:24:27+00:00\" \/>\n<meta name=\"author\" content=\"Ingenieurkammer Th\u00fcringen\" \/>\n<meta name=\"twitter:card\" content=\"summary_large_image\" \/>\n<meta name=\"twitter:label1\" content=\"Verfasst von\" \/>\n\t<meta name=\"twitter:data1\" content=\"Ingenieurkammer Th\u00fcringen\" \/>\n\t<meta name=\"twitter:label2\" content=\"Gesch\u00e4tzte Lesezeit\" \/>\n\t<meta name=\"twitter:data2\" content=\"4\u00a0Minuten\" \/>\n<script type=\"application\/ld+json\" class=\"yoast-schema-graph\">{\"@context\":\"https:\/\/schema.org\",\"@graph\":[{\"@type\":\"WebPage\",\"@id\":\"https:\/\/ikth.de\/startseite\/kreislaufgerechte-strassen-und-tiefbaumassnahmen-wie-geht-das\/\",\"url\":\"https:\/\/ikth.de\/startseite\/kreislaufgerechte-strassen-und-tiefbaumassnahmen-wie-geht-das\/\",\"name\":\"KREISLAUFGERECHTE STRASSEN- UND TIEFBAUMASSNAHMEN \u2013 (WIE) GEHT DAS? - Ingenieurkammer Th\u00fcringen\",\"isPartOf\":{\"@id\":\"https:\/\/ikth.de\/startseite\/#website\"},\"primaryImageOfPage\":{\"@id\":\"https:\/\/ikth.de\/startseite\/kreislaufgerechte-strassen-und-tiefbaumassnahmen-wie-geht-das\/#primaryimage\"},\"image\":{\"@id\":\"https:\/\/ikth.de\/startseite\/kreislaufgerechte-strassen-und-tiefbaumassnahmen-wie-geht-das\/#primaryimage\"},\"thumbnailUrl\":\"https:\/\/ikth.de\/wp-content\/uploads\/2024\/11\/Einladung_Infoveranstaltung_20241205-1-pdf.jpg\",\"datePublished\":\"2024-11-11T13:47:20+00:00\",\"dateModified\":\"2026-01-07T13:24:27+00:00\",\"author\":{\"@id\":\"https:\/\/ikth.de\/startseite\/#\/schema\/person\/ca462035dfa975c769f13b3f71e02cbb\"},\"breadcrumb\":{\"@id\":\"https:\/\/ikth.de\/startseite\/kreislaufgerechte-strassen-und-tiefbaumassnahmen-wie-geht-das\/#breadcrumb\"},\"inLanguage\":\"de\",\"potentialAction\":[{\"@type\":\"ReadAction\",\"target\":[\"https:\/\/ikth.de\/startseite\/kreislaufgerechte-strassen-und-tiefbaumassnahmen-wie-geht-das\/\"]}]},{\"@type\":\"ImageObject\",\"inLanguage\":\"de\",\"@id\":\"https:\/\/ikth.de\/startseite\/kreislaufgerechte-strassen-und-tiefbaumassnahmen-wie-geht-das\/#primaryimage\",\"url\":\"https:\/\/ikth.de\/wp-content\/uploads\/2024\/11\/Einladung_Infoveranstaltung_20241205-1-pdf.jpg\",\"contentUrl\":\"https:\/\/ikth.de\/wp-content\/uploads\/2024\/11\/Einladung_Infoveranstaltung_20241205-1-pdf.jpg\",\"caption\":\"Einladung zur Infoveranstaltung Kreislaufgerechte Stra\u00dfen- und Tiefbauma\u00dfnahmen\"},{\"@type\":\"BreadcrumbList\",\"@id\":\"https:\/\/ikth.de\/startseite\/kreislaufgerechte-strassen-und-tiefbaumassnahmen-wie-geht-das\/#breadcrumb\",\"itemListElement\":[{\"@type\":\"ListItem\",\"position\":1,\"name\":\"Startseite\",\"item\":\"https:\/\/ikth.de\/startseite\/\"},{\"@type\":\"ListItem\",\"position\":2,\"name\":\"KREISLAUFGERECHTE STRASSEN- UND TIEFBAUMASSNAHMEN \u2013 (WIE) GEHT DAS?\"}]},{\"@type\":\"WebSite\",\"@id\":\"https:\/\/ikth.de\/startseite\/#website\",\"url\":\"https:\/\/ikth.de\/startseite\/\",\"name\":\"Ingenieurkammer Th\u00fcringen\",\"description\":\"\",\"potentialAction\":[{\"@type\":\"SearchAction\",\"target\":{\"@type\":\"EntryPoint\",\"urlTemplate\":\"https:\/\/ikth.de\/startseite\/?s={search_term_string}\"},\"query-input\":{\"@type\":\"PropertyValueSpecification\",\"valueRequired\":true,\"valueName\":\"search_term_string\"}}],\"inLanguage\":\"de\"},{\"@type\":\"Person\",\"@id\":\"https:\/\/ikth.de\/startseite\/#\/schema\/person\/ca462035dfa975c769f13b3f71e02cbb\",\"name\":\"Ingenieurkammer Th\u00fcringen\",\"image\":{\"@type\":\"ImageObject\",\"inLanguage\":\"de\",\"@id\":\"https:\/\/ikth.de\/startseite\/#\/schema\/person\/image\/\",\"url\":\"https:\/\/secure.gravatar.com\/avatar\/8ec23d530dccc94226e84f9914214949505e1f7acd24799e813a74d857017f9b?s=96&d=mm&r=g\",\"contentUrl\":\"https:\/\/secure.gravatar.com\/avatar\/8ec23d530dccc94226e84f9914214949505e1f7acd24799e813a74d857017f9b?s=96&d=mm&r=g\",\"caption\":\"Ingenieurkammer Th\u00fcringen\"},\"url\":\"https:\/\/ikth.de\/startseite\/author\/praktikant\/\"}]}<\/script>\n<!-- \/ Yoast SEO plugin. -->","yoast_head_json":{"title":"KREISLAUFGERECHTE STRASSEN- UND TIEFBAUMASSNAHMEN \u2013 (WIE) GEHT DAS? - Ingenieurkammer Th\u00fcringen","robots":{"index":"index","follow":"follow","max-snippet":"max-snippet:-1","max-image-preview":"max-image-preview:large","max-video-preview":"max-video-preview:-1"},"canonical":"https:\/\/ikth.de\/startseite\/kreislaufgerechte-strassen-und-tiefbaumassnahmen-wie-geht-das\/","og_locale":"de_DE","og_type":"article","og_title":"KREISLAUFGERECHTE STRASSEN- UND TIEFBAUMASSNAHMEN \u2013 (WIE) GEHT DAS? - Ingenieurkammer Th\u00fcringen","og_description":"KREISLAUFGERECHTE STRASSEN- UND TIEFBAUMASSNAHMEN \u2013 (WIE) GEHT DAS? Donnerstag, 05.12.2024, Schloss Ettersburg, Am Schloss 1, 99439 Ettersburg \u201eWir drehen uns im Kreis!\u201c Diese Redewendung ist negativ konnotiert und wird im&hellip;","og_url":"https:\/\/ikth.de\/startseite\/kreislaufgerechte-strassen-und-tiefbaumassnahmen-wie-geht-das\/","og_site_name":"Ingenieurkammer Th\u00fcringen","article_published_time":"2024-11-11T13:47:20+00:00","article_modified_time":"2026-01-07T13:24:27+00:00","author":"Ingenieurkammer Th\u00fcringen","twitter_card":"summary_large_image","twitter_misc":{"Verfasst von":"Ingenieurkammer Th\u00fcringen","Gesch\u00e4tzte Lesezeit":"4\u00a0Minuten"},"schema":{"@context":"https:\/\/schema.org","@graph":[{"@type":"WebPage","@id":"https:\/\/ikth.de\/startseite\/kreislaufgerechte-strassen-und-tiefbaumassnahmen-wie-geht-das\/","url":"https:\/\/ikth.de\/startseite\/kreislaufgerechte-strassen-und-tiefbaumassnahmen-wie-geht-das\/","name":"KREISLAUFGERECHTE STRASSEN- UND TIEFBAUMASSNAHMEN \u2013 (WIE) GEHT DAS? - Ingenieurkammer Th\u00fcringen","isPartOf":{"@id":"https:\/\/ikth.de\/startseite\/#website"},"primaryImageOfPage":{"@id":"https:\/\/ikth.de\/startseite\/kreislaufgerechte-strassen-und-tiefbaumassnahmen-wie-geht-das\/#primaryimage"},"image":{"@id":"https:\/\/ikth.de\/startseite\/kreislaufgerechte-strassen-und-tiefbaumassnahmen-wie-geht-das\/#primaryimage"},"thumbnailUrl":"https:\/\/ikth.de\/wp-content\/uploads\/2024\/11\/Einladung_Infoveranstaltung_20241205-1-pdf.jpg","datePublished":"2024-11-11T13:47:20+00:00","dateModified":"2026-01-07T13:24:27+00:00","author":{"@id":"https:\/\/ikth.de\/startseite\/#\/schema\/person\/ca462035dfa975c769f13b3f71e02cbb"},"breadcrumb":{"@id":"https:\/\/ikth.de\/startseite\/kreislaufgerechte-strassen-und-tiefbaumassnahmen-wie-geht-das\/#breadcrumb"},"inLanguage":"de","potentialAction":[{"@type":"ReadAction","target":["https:\/\/ikth.de\/startseite\/kreislaufgerechte-strassen-und-tiefbaumassnahmen-wie-geht-das\/"]}]},{"@type":"ImageObject","inLanguage":"de","@id":"https:\/\/ikth.de\/startseite\/kreislaufgerechte-strassen-und-tiefbaumassnahmen-wie-geht-das\/#primaryimage","url":"https:\/\/ikth.de\/wp-content\/uploads\/2024\/11\/Einladung_Infoveranstaltung_20241205-1-pdf.jpg","contentUrl":"https:\/\/ikth.de\/wp-content\/uploads\/2024\/11\/Einladung_Infoveranstaltung_20241205-1-pdf.jpg","caption":"Einladung zur Infoveranstaltung Kreislaufgerechte Stra\u00dfen- und Tiefbauma\u00dfnahmen"},{"@type":"BreadcrumbList","@id":"https:\/\/ikth.de\/startseite\/kreislaufgerechte-strassen-und-tiefbaumassnahmen-wie-geht-das\/#breadcrumb","itemListElement":[{"@type":"ListItem","position":1,"name":"Startseite","item":"https:\/\/ikth.de\/startseite\/"},{"@type":"ListItem","position":2,"name":"KREISLAUFGERECHTE STRASSEN- UND TIEFBAUMASSNAHMEN \u2013 (WIE) GEHT DAS?"}]},{"@type":"WebSite","@id":"https:\/\/ikth.de\/startseite\/#website","url":"https:\/\/ikth.de\/startseite\/","name":"Ingenieurkammer Th\u00fcringen","description":"","potentialAction":[{"@type":"SearchAction","target":{"@type":"EntryPoint","urlTemplate":"https:\/\/ikth.de\/startseite\/?s={search_term_string}"},"query-input":{"@type":"PropertyValueSpecification","valueRequired":true,"valueName":"search_term_string"}}],"inLanguage":"de"},{"@type":"Person","@id":"https:\/\/ikth.de\/startseite\/#\/schema\/person\/ca462035dfa975c769f13b3f71e02cbb","name":"Ingenieurkammer Th\u00fcringen","image":{"@type":"ImageObject","inLanguage":"de","@id":"https:\/\/ikth.de\/startseite\/#\/schema\/person\/image\/","url":"https:\/\/secure.gravatar.com\/avatar\/8ec23d530dccc94226e84f9914214949505e1f7acd24799e813a74d857017f9b?s=96&d=mm&r=g","contentUrl":"https:\/\/secure.gravatar.com\/avatar\/8ec23d530dccc94226e84f9914214949505e1f7acd24799e813a74d857017f9b?s=96&d=mm&r=g","caption":"Ingenieurkammer Th\u00fcringen"},"url":"https:\/\/ikth.de\/startseite\/author\/praktikant\/"}]}},"_links":{"self":[{"href":"https:\/\/ikth.de\/startseite\/wp-json\/wp\/v2\/posts\/7661","targetHints":{"allow":["GET"]}}],"collection":[{"href":"https:\/\/ikth.de\/startseite\/wp-json\/wp\/v2\/posts"}],"about":[{"href":"https:\/\/ikth.de\/startseite\/wp-json\/wp\/v2\/types\/post"}],"author":[{"embeddable":true,"href":"https:\/\/ikth.de\/startseite\/wp-json\/wp\/v2\/users\/11"}],"replies":[{"embeddable":true,"href":"https:\/\/ikth.de\/startseite\/wp-json\/wp\/v2\/comments?post=7661"}],"version-history":[{"count":2,"href":"https:\/\/ikth.de\/startseite\/wp-json\/wp\/v2\/posts\/7661\/revisions"}],"predecessor-version":[{"id":9531,"href":"https:\/\/ikth.de\/startseite\/wp-json\/wp\/v2\/posts\/7661\/revisions\/9531"}],"wp:featuredmedia":[{"embeddable":true,"href":"https:\/\/ikth.de\/startseite\/wp-json\/wp\/v2\/media\/7662"}],"wp:attachment":[{"href":"https:\/\/ikth.de\/startseite\/wp-json\/wp\/v2\/media?parent=7661"}],"wp:term":[{"taxonomy":"category","embeddable":true,"href":"https:\/\/ikth.de\/startseite\/wp-json\/wp\/v2\/categories?post=7661"},{"taxonomy":"post_tag","embeddable":true,"href":"https:\/\/ikth.de\/startseite\/wp-json\/wp\/v2\/tags?post=7661"}],"curies":[{"name":"wp","href":"https:\/\/api.w.org\/{rel}","templated":true}]}}