{"id":6235,"date":"2024-02-22T11:56:32","date_gmt":"2024-02-22T10:56:32","guid":{"rendered":"https:\/\/ikth.de\/startseite\/?p=6235"},"modified":"2024-02-23T11:55:36","modified_gmt":"2024-02-23T10:55:36","slug":"initiative_pro_agb-recht","status":"publish","type":"post","link":"https:\/\/ikth.de\/startseite\/initiative_pro_agb-recht\/","title":{"rendered":"Initiative_pro_AGB-Recht"},"content":{"rendered":"<p>Im Rahmen einer Anh\u00f6rung zum Gesetzgebungsverfahren zum <strong>Justizstandort-St\u00e4rkungsgesetz<\/strong> haben sich mehrere Sachverst\u00e4ndige f\u00fcr eine Reform des AGB-Rechts und eine Aufweichung der strengen Kontrolle von Allgemeinen Vertragsbedingungen ausgesprochen, obwohl dieses im konkreten Gesetzesvorschlag gar keine Rolle spielte. Das AGB-Recht stehe nach Ansicht der Sachverst\u00e4ndigen einer Wahl des Deutschen Rechts im internationalen Gesch\u00e4ftsverkehr regelm\u00e4\u00dfig entgegen und sollte daher angepasst werden.<\/p>\n<p>Die Initiative pro AGB-Recht hat sich deshalb mit einem Statement f\u00fcr die Beibehaltung des AGB-Rechts ausgesprochen.<\/p>\n<p><strong>Wirtschaft<\/strong><br \/>\n<strong>Initiative pro AGB-Recht<\/strong><br \/>\n<strong>Standortvorteil Deutschland<\/strong><br \/>\n<strong>Fair, Innovationsf\u00f6rdernd, Rechtssicher<\/strong><\/p>\n<p><strong>September 2023<\/strong><\/p>\n<p><strong>Unser Ziel<\/strong><br \/>\nDie Initiative pro AGB-Recht besteht aus rund 40 Verb\u00e4nden aller wichtigen deutschen Berufs- und Wirtschaftsbranchen. Gemeinsam setzen wir uns seit \u00fcber 10 Jahren daf\u00fcr ein, den wesentlichen Standortvorteil Deutschlands auch k\u00fcnftig zu sichern \u2013 faire Vertr\u00e4ge im berechtigten Interesse aller beteiligten Vertragspartner.<\/p>\n<p>Nicht nachvollziehen k\u00f6nnen wir, warum die Justizministerinnen und Justizminister der Bundesl\u00e4nder diesen wesentlichen Standortvorteil Deutschlands in Frage stellen.*<\/p>\n<p><strong>Unsere Gr\u00fcnde<\/strong><br \/>\nDas Recht der Allgemeinen Gesch\u00e4ftsbedingungen (AGB) f\u00f6rdert seit Jahrzehnten Gerechtigkeit und Rechtsfrieden im unternehmerischen Gesch\u00e4ftsverkehr und hat sich bew\u00e4hrt. Es verhindert unfaire Vertragsbedingungen und sch\u00fctzt vor einseitigen, unangemessenen Benachteiligungen und Risiko-\u00fcbertragungen. Die Vertragspartner k\u00f6nnen auf klare Kriterien f\u00fcr die rechtssichere Gestaltung ihrer Vertr\u00e4ge auch mit AGB zur\u00fcckgreifen. F\u00fcr die von der Initiative pro AGB-Recht vertretenen deutschen Wirtschaftsteilnehmer ist diese Planungs- und Rechtssicherheit von grundlegender Bedeutung.<\/p>\n<p>Das AGB-Recht f\u00fcr Vertr\u00e4ge zwischen Unternehmern ist mit seinen bew\u00e4hrten Regeln auch k\u00fcnftigen Herausforderungen gewachsen. Es sorgt sowohl bei etablierten als auch bei neuartigen Gesch\u00e4ftsmo-dellen f\u00fcr einen angemessenen Interessenausgleich entlang der gesamten Liefer- und Leistungskette.<\/p>\n<p>Gesch\u00e4ftsmodelle, deren wirtschaftlicher Erfolg davon abh\u00e4ngt, Risiken einseitig auf den in der Regel kleinen oder mittelst\u00e4ndischen Vertragspartner zu \u00fcbertragen, sind weder innovativ noch schutzw\u00fcrdig. Hieran \u00e4ndern weder geopolitische noch technische Entwicklungen etwas. Insbesondere angesichts zunehmender Automatisierung ist ein wirksamer Schutz vor unangemessenen Risiko\u00fcbertragungen besonders wichtig, damit nicht alle Risiken automatisch auf den Schultern derjenigen landen, die diese Risiken am wenigsten beherrschen oder tragen k\u00f6nnen.<\/p>\n<p>Das AGB-Recht f\u00f6rdert die Digitalisierung und die Innovationst\u00e4tigkeit des deutschen Mittelstandes, indem es die Transaktionskosten gering h\u00e4lt. Unternehmer k\u00f6nnen Vertr\u00e4ge ohne Sorge vor Haftungs-fallen und anderen unvorhersehbaren Risiken durch einseitig gestellte Klauseln ihrer Vertragspartner schlie\u00dfen. Beratungskosten wegen anwaltlicher Vertragspr\u00fcfungen entfallen oder werden in \u00fcberschau-baren Grenzen gehalten. Dies ist ein gro\u00dfer Kosten- und Standortvorteil Deutschlands gegen\u00fcber anderen Rechtsordnungen, die etwa im angels\u00e4chsischen Raum einen vollkommen anderen Ansatz verfolgen.<\/p>\n<p>Das AGB-Recht bewahrt und sch\u00fctzt zudem die Vertragsfreiheit. Sie setzt voraus, dass sich die Ver-tragspartner auf Augenh\u00f6he begegnen. Wer aufgrund seiner Marktposition nicht in der Lage ist, die Vertragsbedingungen des Vertragspartners abzulehnen, verhandelt nicht und verhandelt vor allem nicht frei. Um auch in diesen F\u00e4llen die erforderliche Augenh\u00f6he herzustellen, bedarf es des AGB-Rechts. Davon abgesehen kann jeder gesetzlich zul\u00e4ssige Vertragsinhalt individuell vereinbart werden. Das AGB-Recht schr\u00e4nkt diese Freiheit nicht ein.<\/p>\n<p>Die von der Initiative pro AGB-Recht vertretenen Wirtschaftsteilnehmer sind sich der Vorteile des Rechts \u201emade in Germany\u201c, einschlie\u00dflich des AGB-Rechts bewusst. Sie treten deshalb auch bei internationalen Gesch\u00e4ftsabschl\u00fcssen entschieden daf\u00fcr ein, deutsches Recht zur Vertragsgrundlage werden zu lassen. Von einer Flucht in fremde Rechtsordnungen kann in keiner der hier vertretenen Branchen die Rede sein. Dass ausl\u00e4ndische Investoren die ihnen bekannten Rechtsordnungen bevorzugen, ist nachvollziehbar, aber kein \u00fcberzeugendes Argument, das deutsche AGB-Recht einzuschr\u00e4nken oder zu verw\u00e4ssern.<\/p>\n<p>Die Initiative pro AGB-Recht warnt eindringlich davor, die Klarheit und Sicherheit des Rechts der Allge-meinen Gesch\u00e4ftsbedingungen sowie den damit verbundenen Fairness-Schutz als wesentlichen Stand-ortvorteil Deutschlands ohne Not leichtfertig aufs Spiel zu setzen. Den eingangs genannten Schritt der Justizministerinnen und Justizminister lehnen wir mit allem Nachdruck ab!<\/p>\n<p>&nbsp;<\/p>\n<p>Quelle: <a href=\"https:\/\/bingk.de\/\" target=\"_blank\" rel=\"noopener\">Bundesingenieurkammer (bingk.de)<\/a><\/p>\n<p>&nbsp;<\/p>\n<h6><span style=\"color: #808080;\">Foto: https:\/\/img.freepik.com\/fotos-kostenlos\/high-angle-shot-eines-hammers-und-einer-skala-auf-einer-holzoberflaeche_181624-33848.jpg?t=st=1708599259~exp=1708602859~hmac=88b852d24c42b6565ab900c2b7b68a2313b059e02d481b2b6b2f82abb2b6b28e&amp;w=1380<\/span><\/h6>\n","protected":false},"excerpt":{"rendered":"<p>Im Rahmen einer Anh\u00f6rung zum Gesetzgebungsverfahren zum Justizstandort-St\u00e4rkungsgesetz haben sich mehrere Sachverst\u00e4ndige f\u00fcr eine Reform des AGB-Rechts und eine Aufweichung der strengen Kontrolle von Allgemeinen Vertragsbedingungen ausgesprochen, obwohl dieses im&hellip;<\/p>\n","protected":false},"author":7,"featured_media":6236,"comment_status":"closed","ping_status":"closed","sticky":false,"template":"","format":"standard","meta":{"_acf_changed":false,"footnotes":""},"categories":[319,80,76],"tags":[],"class_list":{"0":"post-6235","1":"post","2":"type-post","3":"status-publish","4":"format-standard","5":"has-post-thumbnail","6":"hentry","7":"category-319","8":"category-bingk","9":"category-news","11":"category-80","12":"category-76","13":"description-off"},"acf":[],"yoast_head":"<!-- This site is optimized with the Yoast SEO plugin v26.4 - https:\/\/yoast.com\/wordpress\/plugins\/seo\/ -->\n<title>Initiative_pro_AGB-Recht - Ingenieurkammer Th\u00fcringen<\/title>\n<meta name=\"description\" content=\"0\" \/>\n<meta name=\"robots\" content=\"index, follow, max-snippet:-1, max-image-preview:large, max-video-preview:-1\" \/>\n<link rel=\"canonical\" href=\"https:\/\/ikth.de\/startseite\/initiative_pro_agb-recht\/\" \/>\n<meta property=\"og:locale\" content=\"de_DE\" \/>\n<meta property=\"og:type\" content=\"article\" \/>\n<meta property=\"og:title\" content=\"Initiative_pro_AGB-Recht - Ingenieurkammer Th\u00fcringen\" \/>\n<meta property=\"og:description\" content=\"Im Rahmen einer Anh\u00f6rung zum Gesetzgebungsverfahren zum Justizstandort-St\u00e4rkungsgesetz haben sich mehrere Sachverst\u00e4ndige f\u00fcr eine Reform des AGB-Rechts und eine Aufweichung der strengen Kontrolle von Allgemeinen Vertragsbedingungen ausgesprochen, obwohl dieses im&hellip;\" \/>\n<meta property=\"og:url\" content=\"https:\/\/ikth.de\/startseite\/initiative_pro_agb-recht\/\" \/>\n<meta property=\"og:site_name\" content=\"Ingenieurkammer Th\u00fcringen\" \/>\n<meta property=\"article:published_time\" content=\"2024-02-22T10:56:32+00:00\" \/>\n<meta property=\"article:modified_time\" content=\"2024-02-23T10:55:36+00:00\" \/>\n<meta property=\"og:image\" content=\"https:\/\/ikth.de\/wp-content\/uploads\/2024\/02\/high-angle-shot-gavel-scale-wooden-surface-scaled-e1708599377953.jpg\" \/>\n\t<meta property=\"og:image:width\" content=\"1250\" \/>\n\t<meta property=\"og:image:height\" content=\"833\" \/>\n\t<meta property=\"og:image:type\" content=\"image\/jpeg\" \/>\n<meta name=\"author\" content=\"FranziskaHartung\" \/>\n<meta name=\"twitter:card\" content=\"summary_large_image\" \/>\n<meta name=\"twitter:label1\" content=\"Verfasst von\" \/>\n\t<meta name=\"twitter:data1\" content=\"FranziskaHartung\" \/>\n\t<meta name=\"twitter:label2\" content=\"Gesch\u00e4tzte Lesezeit\" \/>\n\t<meta name=\"twitter:data2\" content=\"4\u00a0Minuten\" \/>\n<script type=\"application\/ld+json\" class=\"yoast-schema-graph\">{\"@context\":\"https:\/\/schema.org\",\"@graph\":[{\"@type\":\"WebPage\",\"@id\":\"https:\/\/ikth.de\/startseite\/initiative_pro_agb-recht\/\",\"url\":\"https:\/\/ikth.de\/startseite\/initiative_pro_agb-recht\/\",\"name\":\"Initiative_pro_AGB-Recht - Ingenieurkammer Th\u00fcringen\",\"isPartOf\":{\"@id\":\"https:\/\/ikth.de\/startseite\/#website\"},\"primaryImageOfPage\":{\"@id\":\"https:\/\/ikth.de\/startseite\/initiative_pro_agb-recht\/#primaryimage\"},\"image\":{\"@id\":\"https:\/\/ikth.de\/startseite\/initiative_pro_agb-recht\/#primaryimage\"},\"thumbnailUrl\":\"https:\/\/ikth.de\/wp-content\/uploads\/2024\/02\/high-angle-shot-gavel-scale-wooden-surface-scaled-e1708599377953.jpg\",\"datePublished\":\"2024-02-22T10:56:32+00:00\",\"dateModified\":\"2024-02-23T10:55:36+00:00\",\"author\":{\"@id\":\"https:\/\/ikth.de\/startseite\/#\/schema\/person\/526a94beb97b2da25e3be97837f9b3a2\"},\"breadcrumb\":{\"@id\":\"https:\/\/ikth.de\/startseite\/initiative_pro_agb-recht\/#breadcrumb\"},\"inLanguage\":\"de\",\"potentialAction\":[{\"@type\":\"ReadAction\",\"target\":[\"https:\/\/ikth.de\/startseite\/initiative_pro_agb-recht\/\"]}]},{\"@type\":\"ImageObject\",\"inLanguage\":\"de\",\"@id\":\"https:\/\/ikth.de\/startseite\/initiative_pro_agb-recht\/#primaryimage\",\"url\":\"https:\/\/ikth.de\/wp-content\/uploads\/2024\/02\/high-angle-shot-gavel-scale-wooden-surface-scaled-e1708599377953.jpg\",\"contentUrl\":\"https:\/\/ikth.de\/wp-content\/uploads\/2024\/02\/high-angle-shot-gavel-scale-wooden-surface-scaled-e1708599377953.jpg\",\"width\":1250,\"height\":833,\"caption\":\"A high angle shot of a gavel and a scale on a wooden surface\"},{\"@type\":\"BreadcrumbList\",\"@id\":\"https:\/\/ikth.de\/startseite\/initiative_pro_agb-recht\/#breadcrumb\",\"itemListElement\":[{\"@type\":\"ListItem\",\"position\":1,\"name\":\"Startseite\",\"item\":\"https:\/\/ikth.de\/startseite\/\"},{\"@type\":\"ListItem\",\"position\":2,\"name\":\"Initiative_pro_AGB-Recht\"}]},{\"@type\":\"WebSite\",\"@id\":\"https:\/\/ikth.de\/startseite\/#website\",\"url\":\"https:\/\/ikth.de\/startseite\/\",\"name\":\"Ingenieurkammer Th\u00fcringen\",\"description\":\"\",\"potentialAction\":[{\"@type\":\"SearchAction\",\"target\":{\"@type\":\"EntryPoint\",\"urlTemplate\":\"https:\/\/ikth.de\/startseite\/?s={search_term_string}\"},\"query-input\":{\"@type\":\"PropertyValueSpecification\",\"valueRequired\":true,\"valueName\":\"search_term_string\"}}],\"inLanguage\":\"de\"},{\"@type\":\"Person\",\"@id\":\"https:\/\/ikth.de\/startseite\/#\/schema\/person\/526a94beb97b2da25e3be97837f9b3a2\",\"name\":\"FranziskaHartung\",\"image\":{\"@type\":\"ImageObject\",\"inLanguage\":\"de\",\"@id\":\"https:\/\/ikth.de\/startseite\/#\/schema\/person\/image\/\",\"url\":\"https:\/\/secure.gravatar.com\/avatar\/4e97a183a1ea9dc3ae27f4653e8b2df4ab4b9221e3e46e25bb1c8490c63d9e3b?s=96&d=mm&r=g\",\"contentUrl\":\"https:\/\/secure.gravatar.com\/avatar\/4e97a183a1ea9dc3ae27f4653e8b2df4ab4b9221e3e46e25bb1c8490c63d9e3b?s=96&d=mm&r=g\",\"caption\":\"FranziskaHartung\"},\"url\":\"https:\/\/ikth.de\/startseite\/author\/franziskahartung\/\"}]}<\/script>\n<!-- \/ Yoast SEO plugin. -->","yoast_head_json":{"title":"Initiative_pro_AGB-Recht - Ingenieurkammer Th\u00fcringen","robots":{"index":"index","follow":"follow","max-snippet":"max-snippet:-1","max-image-preview":"max-image-preview:large","max-video-preview":"max-video-preview:-1"},"canonical":"https:\/\/ikth.de\/startseite\/initiative_pro_agb-recht\/","og_locale":"de_DE","og_type":"article","og_title":"Initiative_pro_AGB-Recht - Ingenieurkammer Th\u00fcringen","og_description":"Im Rahmen einer Anh\u00f6rung zum Gesetzgebungsverfahren zum Justizstandort-St\u00e4rkungsgesetz haben sich mehrere Sachverst\u00e4ndige f\u00fcr eine Reform des AGB-Rechts und eine Aufweichung der strengen Kontrolle von Allgemeinen Vertragsbedingungen ausgesprochen, obwohl dieses im&hellip;","og_url":"https:\/\/ikth.de\/startseite\/initiative_pro_agb-recht\/","og_site_name":"Ingenieurkammer Th\u00fcringen","article_published_time":"2024-02-22T10:56:32+00:00","article_modified_time":"2024-02-23T10:55:36+00:00","og_image":[{"width":1250,"height":833,"url":"https:\/\/ikth.de\/wp-content\/uploads\/2024\/02\/high-angle-shot-gavel-scale-wooden-surface-scaled-e1708599377953.jpg","type":"image\/jpeg"}],"author":"FranziskaHartung","twitter_card":"summary_large_image","twitter_misc":{"Verfasst von":"FranziskaHartung","Gesch\u00e4tzte Lesezeit":"4\u00a0Minuten"},"schema":{"@context":"https:\/\/schema.org","@graph":[{"@type":"WebPage","@id":"https:\/\/ikth.de\/startseite\/initiative_pro_agb-recht\/","url":"https:\/\/ikth.de\/startseite\/initiative_pro_agb-recht\/","name":"Initiative_pro_AGB-Recht - Ingenieurkammer Th\u00fcringen","isPartOf":{"@id":"https:\/\/ikth.de\/startseite\/#website"},"primaryImageOfPage":{"@id":"https:\/\/ikth.de\/startseite\/initiative_pro_agb-recht\/#primaryimage"},"image":{"@id":"https:\/\/ikth.de\/startseite\/initiative_pro_agb-recht\/#primaryimage"},"thumbnailUrl":"https:\/\/ikth.de\/wp-content\/uploads\/2024\/02\/high-angle-shot-gavel-scale-wooden-surface-scaled-e1708599377953.jpg","datePublished":"2024-02-22T10:56:32+00:00","dateModified":"2024-02-23T10:55:36+00:00","author":{"@id":"https:\/\/ikth.de\/startseite\/#\/schema\/person\/526a94beb97b2da25e3be97837f9b3a2"},"breadcrumb":{"@id":"https:\/\/ikth.de\/startseite\/initiative_pro_agb-recht\/#breadcrumb"},"inLanguage":"de","potentialAction":[{"@type":"ReadAction","target":["https:\/\/ikth.de\/startseite\/initiative_pro_agb-recht\/"]}]},{"@type":"ImageObject","inLanguage":"de","@id":"https:\/\/ikth.de\/startseite\/initiative_pro_agb-recht\/#primaryimage","url":"https:\/\/ikth.de\/wp-content\/uploads\/2024\/02\/high-angle-shot-gavel-scale-wooden-surface-scaled-e1708599377953.jpg","contentUrl":"https:\/\/ikth.de\/wp-content\/uploads\/2024\/02\/high-angle-shot-gavel-scale-wooden-surface-scaled-e1708599377953.jpg","width":1250,"height":833,"caption":"A high angle shot of a gavel and a scale on a wooden surface"},{"@type":"BreadcrumbList","@id":"https:\/\/ikth.de\/startseite\/initiative_pro_agb-recht\/#breadcrumb","itemListElement":[{"@type":"ListItem","position":1,"name":"Startseite","item":"https:\/\/ikth.de\/startseite\/"},{"@type":"ListItem","position":2,"name":"Initiative_pro_AGB-Recht"}]},{"@type":"WebSite","@id":"https:\/\/ikth.de\/startseite\/#website","url":"https:\/\/ikth.de\/startseite\/","name":"Ingenieurkammer Th\u00fcringen","description":"","potentialAction":[{"@type":"SearchAction","target":{"@type":"EntryPoint","urlTemplate":"https:\/\/ikth.de\/startseite\/?s={search_term_string}"},"query-input":{"@type":"PropertyValueSpecification","valueRequired":true,"valueName":"search_term_string"}}],"inLanguage":"de"},{"@type":"Person","@id":"https:\/\/ikth.de\/startseite\/#\/schema\/person\/526a94beb97b2da25e3be97837f9b3a2","name":"FranziskaHartung","image":{"@type":"ImageObject","inLanguage":"de","@id":"https:\/\/ikth.de\/startseite\/#\/schema\/person\/image\/","url":"https:\/\/secure.gravatar.com\/avatar\/4e97a183a1ea9dc3ae27f4653e8b2df4ab4b9221e3e46e25bb1c8490c63d9e3b?s=96&d=mm&r=g","contentUrl":"https:\/\/secure.gravatar.com\/avatar\/4e97a183a1ea9dc3ae27f4653e8b2df4ab4b9221e3e46e25bb1c8490c63d9e3b?s=96&d=mm&r=g","caption":"FranziskaHartung"},"url":"https:\/\/ikth.de\/startseite\/author\/franziskahartung\/"}]}},"_links":{"self":[{"href":"https:\/\/ikth.de\/startseite\/wp-json\/wp\/v2\/posts\/6235","targetHints":{"allow":["GET"]}}],"collection":[{"href":"https:\/\/ikth.de\/startseite\/wp-json\/wp\/v2\/posts"}],"about":[{"href":"https:\/\/ikth.de\/startseite\/wp-json\/wp\/v2\/types\/post"}],"author":[{"embeddable":true,"href":"https:\/\/ikth.de\/startseite\/wp-json\/wp\/v2\/users\/7"}],"replies":[{"embeddable":true,"href":"https:\/\/ikth.de\/startseite\/wp-json\/wp\/v2\/comments?post=6235"}],"version-history":[{"count":2,"href":"https:\/\/ikth.de\/startseite\/wp-json\/wp\/v2\/posts\/6235\/revisions"}],"predecessor-version":[{"id":6244,"href":"https:\/\/ikth.de\/startseite\/wp-json\/wp\/v2\/posts\/6235\/revisions\/6244"}],"wp:featuredmedia":[{"embeddable":true,"href":"https:\/\/ikth.de\/startseite\/wp-json\/wp\/v2\/media\/6236"}],"wp:attachment":[{"href":"https:\/\/ikth.de\/startseite\/wp-json\/wp\/v2\/media?parent=6235"}],"wp:term":[{"taxonomy":"category","embeddable":true,"href":"https:\/\/ikth.de\/startseite\/wp-json\/wp\/v2\/categories?post=6235"},{"taxonomy":"post_tag","embeddable":true,"href":"https:\/\/ikth.de\/startseite\/wp-json\/wp\/v2\/tags?post=6235"}],"curies":[{"name":"wp","href":"https:\/\/api.w.org\/{rel}","templated":true}]}}