{"id":6173,"date":"2024-02-12T15:44:06","date_gmt":"2024-02-12T14:44:06","guid":{"rendered":"https:\/\/ikth.de\/startseite\/?p=6173"},"modified":"2024-02-13T09:29:29","modified_gmt":"2024-02-13T08:29:29","slug":"wahlbekanntmachung-zur-wahl-der-vertreterversammlung","status":"publish","type":"post","link":"https:\/\/ikth.de\/startseite\/wahlbekanntmachung-zur-wahl-der-vertreterversammlung\/","title":{"rendered":"Wahlbekanntmachung zur Wahl der Vertreterversammlung"},"content":{"rendered":"<h3 style=\"text-align: center;\"><span style=\"color: #0000ff;\"><strong>Der Wahlvorstand der Ingenieurkammer Th\u00fcringen erl\u00e4sst auf der Grundlage der Wahlordnung vom 25.10.2018 (ver\u00f6ffentlicht im DIB 01-02\/2019) nachfolgende Wahlbekanntmachung.<\/strong><\/span><\/h3>\n<p><strong>1) Wahlbestimmungen und Wahlzeit<\/strong><\/p>\n<p>1) Der Wahlzeitraum (Briefwahl siehe \u00a7 3 Abs. 3 Wahlordnung) wurde vom Vorstand der Ingenieurkammer Th\u00fcringen f\u00fcr den Zeitraum vom 24. Juni 2024 bis 15. Juli 2024 bestimmt. Wahlbriefe, die am letzten Tag der Stimmabgabe nach 16:00 Uhr beim Wahlvorstand eingehen, sind ung\u00fcltig (\u00a7\u00a7 13 Abs. 8, 14 Abs. 1<br \/>\nSatz 1 Nr. 1).<\/p>\n<p>2) Es werden 21 Mitglieder der Vertreterversammlung gew\u00e4hlt (\u00a7 14 der Hauptsatzung i. V. m. \u00a7 6 Abs. 1 Wahlordnung). Mindestens sechzehn Vertreter m\u00fcssen Pflichtmitglieder sein. Sind f\u00fcnf freiwillige Mitglieder gew\u00e4hlt, fallen die verbleibenden Sitze in der Vertreter-<br \/>\nversammlung an Pflichtmitglieder. Die Vertreterversammlung setzt sich aus nachfolgenden Fachrichtungen zusammen:<br \/>\n\u2013 Bauwesen: mindestens elf Mitglieder<br \/>\n\u2013 Geb\u00e4udetechnik: mindestens ein Mitglied<br \/>\n\u2013 Geod\u00e4sie: mindestens ein Mitglied<br \/>\n\u2013 sonstige Fachrichtungen: mindestens ein Mitglied<\/p>\n<p>3) Wahlberechtigt ist nur, wer in das W\u00e4hlerverzeichnis (\u00a7 8) eingetragen ist<\/p>\n<p>4) Das W\u00e4hlerverzeichnis -gem\u00e4\u00df \u00a7 8 Abs. 2 Wahlordnung- sowie die Wahlordnung k\u00f6nnen vom 29. April 2024 bis 27. Mai 2024 in der Gesch\u00e4ftsstelle der Ingenieurkammer Th\u00fcringen (Gustav-Freytag-Str. 1 | 99096 Erfurt | Mo\u2013Do 08:00\u201312:00\/13:00\u201316:00 Uhr | Fr. 08:00\u201315:00 Uhr) sowie im Mitgliederbereich der Internetseite der Ingenieurkammer Th\u00fcringen (Intern \u2013 Kammerwahl) eingesehen werden. Gegen die Richtigkeit und Vollst\u00e4ndigkeit des W\u00e4hlerverzeichnisses kann jedes Mitglied der Ingenieurkammer w\u00e4hrend der Auslegungsfrist beim Wahlvorstand schriftlich Einspruch einlegen. Der Einspruch ist zu begr\u00fcnden. Einspr\u00fcche k\u00f6nnen die Aufnahme eines neuen Eintrags im W\u00e4hlerverzeichnis oder die Streichung oder Berichtigung eines im W\u00e4hlerverzeichnis bereits vorhandenen Eintrags zum Gegenstand haben. Soweit die behaupteten Tatsachen nicht offenkundig sind, hat der Einspruchsf\u00fchrer die erforderlichen Beweismittel beizuf\u00fcgen. (\u00a7 8 Abs. 3),<\/p>\n<p>5) Die Briefwahlunterlagen werden am 14. Juni 2024 an die Wahlberechtigten Mitglieder versandt (\u00a7 12 Abs. 1 Wahlordnung)<\/p>\n<p>6) Das Wahlergebnis wird am 16. Juli 2024 in der Gesch\u00e4ftsstelle der Ingenieurkammer Th\u00fcringen (Gustav-Freytag-Str. 1 | 99096 Erfurt) festgestellt und im DIB 07-08\/2024 oder im Th\u00fcringer Staatsanzeiger bekannt geben<\/p>\n<p>7) Die Wahl kann gem\u00e4\u00df den Bestimmungen des \u00a7 34 der Wahlordnung angefochten werden.<\/p>\n<p>&nbsp;<\/p>\n<p><strong>2) Wahlvorschl\u00e4ge und Wahlvorschlagsliste<\/strong><\/p>\n<p>Zur Durchf\u00fchrung der Wahl wird eine Wahlvorschlagliste erstellt. W\u00e4hlbar sind nur Kammermitglieder die in der Wahlvorschlagliste aufgenommen sind (\u00a7 11 Abs. 3 Wahlordnung) Wir fordern Sie auf, die Wahlvorschl\u00e4ge mithilfe des beigef\u00fcgten Formulars bis 31. Mai 2024 (\u00a7 10 Abs. 2 Wahlordnung) bei der Gesch\u00e4ftsstelle der Ingenieurkammer Th\u00fcringen vollst\u00e4ndig ausgef\u00fcllt einzureichen. Ma\u00dfgebend ist das Datum des Eingangs in der Gesch\u00e4ftsstelle, das auf allen eingereichten Wahlvorschl\u00e4gen zu vermerken ist. Zur Wahl in die Vertreterversammlung kann sich jedes in das W\u00e4hlerverzeichnis eingetragene Kammermitglied selbst vorschlagen oder vorschlagen lassen und andere in das W\u00e4hlerverzeichnis eingetragene Kammermitglieder als Kandidat vorschlagen. Jeder Wahlvorschlag muss den verantwortlichen Einreicher ausweisen und von diesem unterschrieben sein. Auf jedem Wahlvorschlag ist der Kandidat mit Familiennamen, Vornamen, Geburtsdatum, Art der Mitgliedschaft, Sitz des B\u00fcros oder Privatanschrift im Wahlgebiet sowie die Zuordnung der Fachrichtung anzugeben. Dem Wahlvorschlag muss die unterschriebene Erkl\u00e4rung des vorgeschlagenen Kandidaten als Original beigef\u00fcgt werden, dass er mit der Aufstellung in der Wahlvorschlagsliste einverstanden ist, wodurch er sich zur \u00dcbernahme des Amtes bereit erkl\u00e4rt. Ein Wahlvorschlag kann schriftlich ge\u00e4ndert oder zur\u00fcckgenommen werden, wenn die o. g. Frist noch nicht abgelaufen ist und alle Unterzeichner sowie der vorgeschlagene Kandidat der \u00c4nderung oder R\u00fccknahme gegen\u00fcber dem Wahlvorstand schriftlich zustimmen. Wahlvorschl\u00e4ge und sonstige Erkl\u00e4rungen gegen\u00fcber dem Wahlvorstand nach den Abs\u00e4tzen 2 bis 5 erf\u00fcllen das Schriftformerfordernis auch dann, wenn sie durch Telefax \u00fcbertragen werden, sofern das jeweilige Original die erforderliche Unterschrift tr\u00e4gt. F\u00fcr die \u00dcbermittlung elektronischer Dokumente gilt \u00a7 3 a Th\u00fcringer Verwaltungsverfahrensgesetz in der jeweils geltenden Fassung. Der Wahlvorstand pr\u00fcft nach Ablauf der Einreichungsfrist, ob die Wahlvorschl\u00e4ge zuzulassen oder zur\u00fcckzuweisen sind. Nicht fristgerecht eingereichte Wahlvorschl\u00e4ge und solche, die die sonstigen Voraussetzungen nach \u00a7 10 nicht erf\u00fcllen, werden zur\u00fcckgewiesen. \u00dcber das Pr\u00fcfungsergebnis ist eine Niederschrift zu fertigen. Die Entscheidung \u00fcber die Zur\u00fcckweisung seines Wahlvorschlags ist dem verantwortlichen Einreicher und dem vorgeschlagenen Kandidaten unverz\u00fcglich unter Angabe der Gr\u00fcnde<br \/>\nzu \u00fcbersenden. Eine Anfechtung findet nur gem\u00e4\u00df \u00a7 34 Wahlordnung statt. Der Wahlvorstand versieht die zugelassenen Wahlvorschl\u00e4ge in der Reihenfolge ihres Eingangs mit Ordnungsnummern und erstellt unter Angabe der Art der Mitgliedschaft sowie einer Zuordnung der Fachrichtungen nach \u00a7 6 Abs. 3 Satz 1 Buchstaben a bis d eine Liste der Kandidaten (Wahlvorschlagsliste). Diese wird sp\u00e4testens am 7. Juni 2024 bis zum Ende der Wahl in der Gesch\u00e4ftsstelle der Ingenieurkammer ausgelegt sowie im Mitgliederbereich der Homepage der der Ingenieurkammer eingestellt.<\/p>\n<p>&nbsp;<\/p>\n<p>RA Dr. jur. Axel Lakonen-Schmidt<br \/>\nVorsitzender Wahlvorstand<\/p>\n<p>&nbsp;<\/p>\n<h5><span style=\"color: #808080;\">Hinweis: Das Wahlvorschlagsformular liegt im Mitgliederbereich zum Download bereit.<\/span><\/h5>\n","protected":false},"excerpt":{"rendered":"<p>Der Wahlvorstand der Ingenieurkammer Th\u00fcringen erl\u00e4sst auf der Grundlage der Wahlordnung vom 25.10.2018 (ver\u00f6ffentlicht im DIB 01-02\/2019) nachfolgende Wahlbekanntmachung. 1) Wahlbestimmungen und Wahlzeit 1) Der Wahlzeitraum (Briefwahl siehe \u00a7 3&hellip;<\/p>\n","protected":false},"author":7,"featured_media":5970,"comment_status":"closed","ping_status":"closed","sticky":false,"template":"","format":"standard","meta":{"_acf_changed":false,"footnotes":""},"categories":[76,20],"tags":[],"class_list":["post-6173","post","type-post","status-publish","format-standard","has-post-thumbnail","hentry","category-news","category-wahlen","category-76","category-20","description-off"],"acf":[],"yoast_head":"<!-- This site is optimized with the Yoast SEO plugin v26.4 - https:\/\/yoast.com\/wordpress\/plugins\/seo\/ -->\n<title>Wahlbekanntmachung zur Wahl der Vertreterversammlung - Ingenieurkammer Th\u00fcringen<\/title>\n<meta name=\"description\" content=\"0\" \/>\n<meta name=\"robots\" content=\"index, follow, max-snippet:-1, max-image-preview:large, max-video-preview:-1\" \/>\n<link rel=\"canonical\" href=\"https:\/\/ikth.de\/startseite\/wahlbekanntmachung-zur-wahl-der-vertreterversammlung\/\" \/>\n<meta property=\"og:locale\" content=\"de_DE\" \/>\n<meta property=\"og:type\" content=\"article\" \/>\n<meta property=\"og:title\" content=\"Wahlbekanntmachung zur Wahl der Vertreterversammlung - Ingenieurkammer Th\u00fcringen\" \/>\n<meta property=\"og:description\" content=\"Der Wahlvorstand der Ingenieurkammer Th\u00fcringen erl\u00e4sst auf der Grundlage der Wahlordnung vom 25.10.2018 (ver\u00f6ffentlicht im DIB 01-02\/2019) nachfolgende Wahlbekanntmachung. 1) Wahlbestimmungen und Wahlzeit 1) Der Wahlzeitraum (Briefwahl siehe \u00a7 3&hellip;\" \/>\n<meta property=\"og:url\" content=\"https:\/\/ikth.de\/startseite\/wahlbekanntmachung-zur-wahl-der-vertreterversammlung\/\" \/>\n<meta property=\"og:site_name\" content=\"Ingenieurkammer Th\u00fcringen\" \/>\n<meta property=\"article:published_time\" content=\"2024-02-12T14:44:06+00:00\" \/>\n<meta property=\"article:modified_time\" content=\"2024-02-13T08:29:29+00:00\" \/>\n<meta property=\"og:image\" content=\"https:\/\/ikth.de\/wp-content\/uploads\/2023\/11\/wahlbild3-scaled-e1702477266944.jpg\" \/>\n\t<meta property=\"og:image:width\" content=\"1250\" \/>\n\t<meta property=\"og:image:height\" content=\"985\" \/>\n\t<meta property=\"og:image:type\" content=\"image\/jpeg\" \/>\n<meta name=\"author\" content=\"FranziskaHartung\" \/>\n<meta name=\"twitter:card\" content=\"summary_large_image\" \/>\n<meta name=\"twitter:label1\" content=\"Verfasst von\" \/>\n\t<meta name=\"twitter:data1\" content=\"FranziskaHartung\" \/>\n\t<meta name=\"twitter:label2\" content=\"Gesch\u00e4tzte Lesezeit\" \/>\n\t<meta name=\"twitter:data2\" content=\"5\u00a0Minuten\" \/>\n<script type=\"application\/ld+json\" class=\"yoast-schema-graph\">{\"@context\":\"https:\/\/schema.org\",\"@graph\":[{\"@type\":\"WebPage\",\"@id\":\"https:\/\/ikth.de\/startseite\/wahlbekanntmachung-zur-wahl-der-vertreterversammlung\/\",\"url\":\"https:\/\/ikth.de\/startseite\/wahlbekanntmachung-zur-wahl-der-vertreterversammlung\/\",\"name\":\"Wahlbekanntmachung zur Wahl der Vertreterversammlung - Ingenieurkammer Th\u00fcringen\",\"isPartOf\":{\"@id\":\"https:\/\/ikth.de\/startseite\/#website\"},\"primaryImageOfPage\":{\"@id\":\"https:\/\/ikth.de\/startseite\/wahlbekanntmachung-zur-wahl-der-vertreterversammlung\/#primaryimage\"},\"image\":{\"@id\":\"https:\/\/ikth.de\/startseite\/wahlbekanntmachung-zur-wahl-der-vertreterversammlung\/#primaryimage\"},\"thumbnailUrl\":\"https:\/\/ikth.de\/wp-content\/uploads\/2023\/11\/wahlbild3-scaled-e1702477266944.jpg\",\"datePublished\":\"2024-02-12T14:44:06+00:00\",\"dateModified\":\"2024-02-13T08:29:29+00:00\",\"author\":{\"@id\":\"https:\/\/ikth.de\/startseite\/#\/schema\/person\/526a94beb97b2da25e3be97837f9b3a2\"},\"breadcrumb\":{\"@id\":\"https:\/\/ikth.de\/startseite\/wahlbekanntmachung-zur-wahl-der-vertreterversammlung\/#breadcrumb\"},\"inLanguage\":\"de\",\"potentialAction\":[{\"@type\":\"ReadAction\",\"target\":[\"https:\/\/ikth.de\/startseite\/wahlbekanntmachung-zur-wahl-der-vertreterversammlung\/\"]}]},{\"@type\":\"ImageObject\",\"inLanguage\":\"de\",\"@id\":\"https:\/\/ikth.de\/startseite\/wahlbekanntmachung-zur-wahl-der-vertreterversammlung\/#primaryimage\",\"url\":\"https:\/\/ikth.de\/wp-content\/uploads\/2023\/11\/wahlbild3-scaled-e1702477266944.jpg\",\"contentUrl\":\"https:\/\/ikth.de\/wp-content\/uploads\/2023\/11\/wahlbild3-scaled-e1702477266944.jpg\",\"width\":1250,\"height\":985},{\"@type\":\"BreadcrumbList\",\"@id\":\"https:\/\/ikth.de\/startseite\/wahlbekanntmachung-zur-wahl-der-vertreterversammlung\/#breadcrumb\",\"itemListElement\":[{\"@type\":\"ListItem\",\"position\":1,\"name\":\"Startseite\",\"item\":\"https:\/\/ikth.de\/startseite\/\"},{\"@type\":\"ListItem\",\"position\":2,\"name\":\"Wahlbekanntmachung zur Wahl der Vertreterversammlung\"}]},{\"@type\":\"WebSite\",\"@id\":\"https:\/\/ikth.de\/startseite\/#website\",\"url\":\"https:\/\/ikth.de\/startseite\/\",\"name\":\"Ingenieurkammer Th\u00fcringen\",\"description\":\"\",\"potentialAction\":[{\"@type\":\"SearchAction\",\"target\":{\"@type\":\"EntryPoint\",\"urlTemplate\":\"https:\/\/ikth.de\/startseite\/?s={search_term_string}\"},\"query-input\":{\"@type\":\"PropertyValueSpecification\",\"valueRequired\":true,\"valueName\":\"search_term_string\"}}],\"inLanguage\":\"de\"},{\"@type\":\"Person\",\"@id\":\"https:\/\/ikth.de\/startseite\/#\/schema\/person\/526a94beb97b2da25e3be97837f9b3a2\",\"name\":\"FranziskaHartung\",\"image\":{\"@type\":\"ImageObject\",\"inLanguage\":\"de\",\"@id\":\"https:\/\/ikth.de\/startseite\/#\/schema\/person\/image\/\",\"url\":\"https:\/\/secure.gravatar.com\/avatar\/4e97a183a1ea9dc3ae27f4653e8b2df4ab4b9221e3e46e25bb1c8490c63d9e3b?s=96&d=mm&r=g\",\"contentUrl\":\"https:\/\/secure.gravatar.com\/avatar\/4e97a183a1ea9dc3ae27f4653e8b2df4ab4b9221e3e46e25bb1c8490c63d9e3b?s=96&d=mm&r=g\",\"caption\":\"FranziskaHartung\"},\"url\":\"https:\/\/ikth.de\/startseite\/author\/franziskahartung\/\"}]}<\/script>\n<!-- \/ Yoast SEO plugin. -->","yoast_head_json":{"title":"Wahlbekanntmachung zur Wahl der Vertreterversammlung - Ingenieurkammer Th\u00fcringen","robots":{"index":"index","follow":"follow","max-snippet":"max-snippet:-1","max-image-preview":"max-image-preview:large","max-video-preview":"max-video-preview:-1"},"canonical":"https:\/\/ikth.de\/startseite\/wahlbekanntmachung-zur-wahl-der-vertreterversammlung\/","og_locale":"de_DE","og_type":"article","og_title":"Wahlbekanntmachung zur Wahl der Vertreterversammlung - Ingenieurkammer Th\u00fcringen","og_description":"Der Wahlvorstand der Ingenieurkammer Th\u00fcringen erl\u00e4sst auf der Grundlage der Wahlordnung vom 25.10.2018 (ver\u00f6ffentlicht im DIB 01-02\/2019) nachfolgende Wahlbekanntmachung. 1) Wahlbestimmungen und Wahlzeit 1) Der Wahlzeitraum (Briefwahl siehe \u00a7 3&hellip;","og_url":"https:\/\/ikth.de\/startseite\/wahlbekanntmachung-zur-wahl-der-vertreterversammlung\/","og_site_name":"Ingenieurkammer Th\u00fcringen","article_published_time":"2024-02-12T14:44:06+00:00","article_modified_time":"2024-02-13T08:29:29+00:00","og_image":[{"width":1250,"height":985,"url":"https:\/\/ikth.de\/wp-content\/uploads\/2023\/11\/wahlbild3-scaled-e1702477266944.jpg","type":"image\/jpeg"}],"author":"FranziskaHartung","twitter_card":"summary_large_image","twitter_misc":{"Verfasst von":"FranziskaHartung","Gesch\u00e4tzte Lesezeit":"5\u00a0Minuten"},"schema":{"@context":"https:\/\/schema.org","@graph":[{"@type":"WebPage","@id":"https:\/\/ikth.de\/startseite\/wahlbekanntmachung-zur-wahl-der-vertreterversammlung\/","url":"https:\/\/ikth.de\/startseite\/wahlbekanntmachung-zur-wahl-der-vertreterversammlung\/","name":"Wahlbekanntmachung zur Wahl der Vertreterversammlung - Ingenieurkammer Th\u00fcringen","isPartOf":{"@id":"https:\/\/ikth.de\/startseite\/#website"},"primaryImageOfPage":{"@id":"https:\/\/ikth.de\/startseite\/wahlbekanntmachung-zur-wahl-der-vertreterversammlung\/#primaryimage"},"image":{"@id":"https:\/\/ikth.de\/startseite\/wahlbekanntmachung-zur-wahl-der-vertreterversammlung\/#primaryimage"},"thumbnailUrl":"https:\/\/ikth.de\/wp-content\/uploads\/2023\/11\/wahlbild3-scaled-e1702477266944.jpg","datePublished":"2024-02-12T14:44:06+00:00","dateModified":"2024-02-13T08:29:29+00:00","author":{"@id":"https:\/\/ikth.de\/startseite\/#\/schema\/person\/526a94beb97b2da25e3be97837f9b3a2"},"breadcrumb":{"@id":"https:\/\/ikth.de\/startseite\/wahlbekanntmachung-zur-wahl-der-vertreterversammlung\/#breadcrumb"},"inLanguage":"de","potentialAction":[{"@type":"ReadAction","target":["https:\/\/ikth.de\/startseite\/wahlbekanntmachung-zur-wahl-der-vertreterversammlung\/"]}]},{"@type":"ImageObject","inLanguage":"de","@id":"https:\/\/ikth.de\/startseite\/wahlbekanntmachung-zur-wahl-der-vertreterversammlung\/#primaryimage","url":"https:\/\/ikth.de\/wp-content\/uploads\/2023\/11\/wahlbild3-scaled-e1702477266944.jpg","contentUrl":"https:\/\/ikth.de\/wp-content\/uploads\/2023\/11\/wahlbild3-scaled-e1702477266944.jpg","width":1250,"height":985},{"@type":"BreadcrumbList","@id":"https:\/\/ikth.de\/startseite\/wahlbekanntmachung-zur-wahl-der-vertreterversammlung\/#breadcrumb","itemListElement":[{"@type":"ListItem","position":1,"name":"Startseite","item":"https:\/\/ikth.de\/startseite\/"},{"@type":"ListItem","position":2,"name":"Wahlbekanntmachung zur Wahl der Vertreterversammlung"}]},{"@type":"WebSite","@id":"https:\/\/ikth.de\/startseite\/#website","url":"https:\/\/ikth.de\/startseite\/","name":"Ingenieurkammer Th\u00fcringen","description":"","potentialAction":[{"@type":"SearchAction","target":{"@type":"EntryPoint","urlTemplate":"https:\/\/ikth.de\/startseite\/?s={search_term_string}"},"query-input":{"@type":"PropertyValueSpecification","valueRequired":true,"valueName":"search_term_string"}}],"inLanguage":"de"},{"@type":"Person","@id":"https:\/\/ikth.de\/startseite\/#\/schema\/person\/526a94beb97b2da25e3be97837f9b3a2","name":"FranziskaHartung","image":{"@type":"ImageObject","inLanguage":"de","@id":"https:\/\/ikth.de\/startseite\/#\/schema\/person\/image\/","url":"https:\/\/secure.gravatar.com\/avatar\/4e97a183a1ea9dc3ae27f4653e8b2df4ab4b9221e3e46e25bb1c8490c63d9e3b?s=96&d=mm&r=g","contentUrl":"https:\/\/secure.gravatar.com\/avatar\/4e97a183a1ea9dc3ae27f4653e8b2df4ab4b9221e3e46e25bb1c8490c63d9e3b?s=96&d=mm&r=g","caption":"FranziskaHartung"},"url":"https:\/\/ikth.de\/startseite\/author\/franziskahartung\/"}]}},"_links":{"self":[{"href":"https:\/\/ikth.de\/startseite\/wp-json\/wp\/v2\/posts\/6173","targetHints":{"allow":["GET"]}}],"collection":[{"href":"https:\/\/ikth.de\/startseite\/wp-json\/wp\/v2\/posts"}],"about":[{"href":"https:\/\/ikth.de\/startseite\/wp-json\/wp\/v2\/types\/post"}],"author":[{"embeddable":true,"href":"https:\/\/ikth.de\/startseite\/wp-json\/wp\/v2\/users\/7"}],"replies":[{"embeddable":true,"href":"https:\/\/ikth.de\/startseite\/wp-json\/wp\/v2\/comments?post=6173"}],"version-history":[{"count":3,"href":"https:\/\/ikth.de\/startseite\/wp-json\/wp\/v2\/posts\/6173\/revisions"}],"predecessor-version":[{"id":6194,"href":"https:\/\/ikth.de\/startseite\/wp-json\/wp\/v2\/posts\/6173\/revisions\/6194"}],"wp:featuredmedia":[{"embeddable":true,"href":"https:\/\/ikth.de\/startseite\/wp-json\/wp\/v2\/media\/5970"}],"wp:attachment":[{"href":"https:\/\/ikth.de\/startseite\/wp-json\/wp\/v2\/media?parent=6173"}],"wp:term":[{"taxonomy":"category","embeddable":true,"href":"https:\/\/ikth.de\/startseite\/wp-json\/wp\/v2\/categories?post=6173"},{"taxonomy":"post_tag","embeddable":true,"href":"https:\/\/ikth.de\/startseite\/wp-json\/wp\/v2\/tags?post=6173"}],"curies":[{"name":"wp","href":"https:\/\/api.w.org\/{rel}","templated":true}]}}