{"id":60643,"date":"2026-09-02T11:48:12","date_gmt":"2026-09-02T09:48:12","guid":{"rendered":"https:\/\/ikth.de\/startseite\/?p=60643"},"modified":"2026-09-02T11:48:12","modified_gmt":"2026-09-02T09:48:12","slug":"erstes-thueringer-entlastungsgesetz","status":"publish","type":"post","link":"https:\/\/ikth.de\/startseite\/erstes-thueringer-entlastungsgesetz\/","title":{"rendered":"Erstes Th\u00fcringer Entlastungsgesetz"},"content":{"rendered":"<div class=\"wpb-content-wrapper\"><p>[vc_row][vc_column][vc_column_text css=&#8220;&#8220;]Mit dem Inkrafttreten des Th\u00fcringer Entlastungsgesetzes (24.07.2026 | GVBl. 6-2026, S. 150 ff.), das Mantelgesetz soll zur Deregulierung, Vereinfachung und Entlastung der Verwaltung beitragen, sind auch \u00c4nderungen in der Th\u00fcringer Bauordnung erfolgt (Erstes Th\u00fcringer Entlastungsgesetz \u2013 Artikel 7 | <a href=\"https:\/\/parldok.thltcloud.de\/parldok\/dokument\/108471\/8_0006_gesetz_und_verordnungsblatt_nr_6_2026#page=6\">Gesetz- und Verordnungsblatt f\u00fcr den Freistaat Th\u00fcringen<\/a>).[\/vc_column_text][\/vc_column][\/vc_row]<\/p>\n<\/div>","protected":false},"excerpt":{"rendered":"<p>[vc_row][vc_column][vc_column_text css=&#8220;&#8220;]Mit dem Inkrafttreten des Th\u00fcringer Entlastungsgesetzes (24.07.2026 | GVBl. 6-2026, S. 150 ff.), das Mantelgesetz soll zur Deregulierung, Vereinfachung und Entlastung der Verwaltung beitragen, sind auch \u00c4nderungen in der&hellip;<\/p>\n","protected":false},"author":12,"featured_media":60641,"comment_status":"closed","ping_status":"closed","sticky":false,"template":"","format":"standard","meta":{"_acf_changed":false,"footnotes":""},"categories":[327,1,76],"tags":[439,438],"class_list":["post-60643","post","type-post","status-publish","format-standard","has-post-thumbnail","hentry","category-327","category-allgemein","category-news","tag-bauordnung","tag-thueringer-entlastungsgesetz","category-1","category-76","description-off"],"acf":[],"yoast_head":"<!-- This site is optimized with the Yoast SEO plugin v27.8 - https:\/\/yoast.com\/product\/yoast-seo-wordpress\/ -->\n<title>Erstes Th\u00fcringer Entlastungsgesetz - Ingenieurkammer Th\u00fcringen<\/title>\n<meta name=\"description\" content=\"0\" \/>\n<meta name=\"robots\" content=\"index, follow, max-snippet:-1, max-image-preview:large, max-video-preview:-1\" \/>\n<link rel=\"canonical\" href=\"https:\/\/ikth.de\/startseite\/erstes-thueringer-entlastungsgesetz\/\" \/>\n<meta property=\"og:locale\" content=\"de_DE\" \/>\n<meta property=\"og:type\" content=\"article\" \/>\n<meta property=\"og:title\" content=\"Erstes Th\u00fcringer Entlastungsgesetz - Ingenieurkammer Th\u00fcringen\" \/>\n<meta property=\"og:description\" content=\"[vc_row][vc_column][vc_column_text css=&#8220;&#8220;]Mit dem Inkrafttreten des Th\u00fcringer Entlastungsgesetzes (24.07.2026 | GVBl. 6-2026, S. 150 ff.), das Mantelgesetz soll zur Deregulierung, Vereinfachung und Entlastung der Verwaltung beitragen, sind auch \u00c4nderungen in der&hellip;\" \/>\n<meta property=\"og:url\" content=\"https:\/\/ikth.de\/startseite\/erstes-thueringer-entlastungsgesetz\/\" \/>\n<meta property=\"og:site_name\" content=\"Ingenieurkammer Th\u00fcringen\" \/>\n<meta property=\"article:published_time\" content=\"2026-09-02T09:48:12+00:00\" \/>\n<meta property=\"og:image\" content=\"https:\/\/ikth.de\/wp-content\/uploads\/2026\/08\/cropped-view-businesswomen-reading-document.jpg\" \/>\n\t<meta property=\"og:image:width\" content=\"2560\" \/>\n\t<meta property=\"og:image:height\" content=\"1707\" \/>\n\t<meta property=\"og:image:type\" content=\"image\/jpeg\" \/>\n<meta name=\"author\" content=\"Julia Callensee-Flecken\" \/>\n<meta name=\"twitter:card\" content=\"summary_large_image\" \/>\n<meta name=\"twitter:label1\" content=\"Verfasst von\" \/>\n\t<meta name=\"twitter:data1\" content=\"Julia Callensee-Flecken\" \/>\n\t<meta name=\"twitter:label2\" content=\"Gesch\u00e4tzte Lesezeit\" \/>\n\t<meta name=\"twitter:data2\" content=\"1\u00a0Minute\" \/>\n<script type=\"application\/ld+json\" class=\"yoast-schema-graph\">{\"@context\":\"https:\\\/\\\/schema.org\",\"@graph\":[{\"@type\":\"Article\",\"@id\":\"https:\\\/\\\/ikth.de\\\/startseite\\\/erstes-thueringer-entlastungsgesetz\\\/#article\",\"isPartOf\":{\"@id\":\"https:\\\/\\\/ikth.de\\\/startseite\\\/erstes-thueringer-entlastungsgesetz\\\/\"},\"author\":{\"name\":\"Julia Callensee-Flecken\",\"@id\":\"https:\\\/\\\/ikth.de\\\/startseite\\\/#\\\/schema\\\/person\\\/2f490d528571f8ed3167c8119fdf6328\"},\"headline\":\"Erstes Th\u00fcringer Entlastungsgesetz\",\"datePublished\":\"2026-09-02T09:48:12+00:00\",\"mainEntityOfPage\":{\"@id\":\"https:\\\/\\\/ikth.de\\\/startseite\\\/erstes-thueringer-entlastungsgesetz\\\/\"},\"wordCount\":64,\"image\":{\"@id\":\"https:\\\/\\\/ikth.de\\\/startseite\\\/erstes-thueringer-entlastungsgesetz\\\/#primaryimage\"},\"thumbnailUrl\":\"https:\\\/\\\/ikth.de\\\/wp-content\\\/uploads\\\/2026\\\/08\\\/cropped-view-businesswomen-reading-document.jpg\",\"keywords\":[\"Bauordnung\",\"Th\u00fcringer Entlastungsgesetz\"],\"articleSection\":{\"0\":\"2026\",\"2\":\"News\"},\"inLanguage\":\"de\"},{\"@type\":\"WebPage\",\"@id\":\"https:\\\/\\\/ikth.de\\\/startseite\\\/erstes-thueringer-entlastungsgesetz\\\/\",\"url\":\"https:\\\/\\\/ikth.de\\\/startseite\\\/erstes-thueringer-entlastungsgesetz\\\/\",\"name\":\"Erstes Th\u00fcringer Entlastungsgesetz - Ingenieurkammer Th\u00fcringen\",\"isPartOf\":{\"@id\":\"https:\\\/\\\/ikth.de\\\/startseite\\\/#website\"},\"primaryImageOfPage\":{\"@id\":\"https:\\\/\\\/ikth.de\\\/startseite\\\/erstes-thueringer-entlastungsgesetz\\\/#primaryimage\"},\"image\":{\"@id\":\"https:\\\/\\\/ikth.de\\\/startseite\\\/erstes-thueringer-entlastungsgesetz\\\/#primaryimage\"},\"thumbnailUrl\":\"https:\\\/\\\/ikth.de\\\/wp-content\\\/uploads\\\/2026\\\/08\\\/cropped-view-businesswomen-reading-document.jpg\",\"datePublished\":\"2026-09-02T09:48:12+00:00\",\"author\":{\"@id\":\"https:\\\/\\\/ikth.de\\\/startseite\\\/#\\\/schema\\\/person\\\/2f490d528571f8ed3167c8119fdf6328\"},\"breadcrumb\":{\"@id\":\"https:\\\/\\\/ikth.de\\\/startseite\\\/erstes-thueringer-entlastungsgesetz\\\/#breadcrumb\"},\"inLanguage\":\"de\",\"potentialAction\":[{\"@type\":\"ReadAction\",\"target\":[\"https:\\\/\\\/ikth.de\\\/startseite\\\/erstes-thueringer-entlastungsgesetz\\\/\"]}]},{\"@type\":\"ImageObject\",\"inLanguage\":\"de\",\"@id\":\"https:\\\/\\\/ikth.de\\\/startseite\\\/erstes-thueringer-entlastungsgesetz\\\/#primaryimage\",\"url\":\"https:\\\/\\\/ikth.de\\\/wp-content\\\/uploads\\\/2026\\\/08\\\/cropped-view-businesswomen-reading-document.jpg\",\"contentUrl\":\"https:\\\/\\\/ikth.de\\\/wp-content\\\/uploads\\\/2026\\\/08\\\/cropped-view-businesswomen-reading-document.jpg\",\"width\":2560,\"height\":1707,\"caption\":\"Cropped view of businesswomen reading document. Closeup shot of female finger pointing at page. Business concept\"},{\"@type\":\"BreadcrumbList\",\"@id\":\"https:\\\/\\\/ikth.de\\\/startseite\\\/erstes-thueringer-entlastungsgesetz\\\/#breadcrumb\",\"itemListElement\":[{\"@type\":\"ListItem\",\"position\":1,\"name\":\"Startseite\",\"item\":\"https:\\\/\\\/ikth.de\\\/startseite\\\/\"},{\"@type\":\"ListItem\",\"position\":2,\"name\":\"Erstes Th\u00fcringer Entlastungsgesetz\"}]},{\"@type\":\"WebSite\",\"@id\":\"https:\\\/\\\/ikth.de\\\/startseite\\\/#website\",\"url\":\"https:\\\/\\\/ikth.de\\\/startseite\\\/\",\"name\":\"Ingenieurkammer Th\u00fcringen\",\"description\":\"\",\"potentialAction\":[{\"@type\":\"SearchAction\",\"target\":{\"@type\":\"EntryPoint\",\"urlTemplate\":\"https:\\\/\\\/ikth.de\\\/startseite\\\/?s={search_term_string}\"},\"query-input\":{\"@type\":\"PropertyValueSpecification\",\"valueRequired\":true,\"valueName\":\"search_term_string\"}}],\"inLanguage\":\"de\"},{\"@type\":\"Person\",\"@id\":\"https:\\\/\\\/ikth.de\\\/startseite\\\/#\\\/schema\\\/person\\\/2f490d528571f8ed3167c8119fdf6328\",\"name\":\"Julia Callensee-Flecken\",\"image\":{\"@type\":\"ImageObject\",\"inLanguage\":\"de\",\"@id\":\"https:\\\/\\\/secure.gravatar.com\\\/avatar\\\/80a13b85295cef002313fe1d9bc6b47cbfc7c44117d662b5feecd488cf736e11?s=96&d=mm&r=g\",\"url\":\"https:\\\/\\\/secure.gravatar.com\\\/avatar\\\/80a13b85295cef002313fe1d9bc6b47cbfc7c44117d662b5feecd488cf736e11?s=96&d=mm&r=g\",\"contentUrl\":\"https:\\\/\\\/secure.gravatar.com\\\/avatar\\\/80a13b85295cef002313fe1d9bc6b47cbfc7c44117d662b5feecd488cf736e11?s=96&d=mm&r=g\",\"caption\":\"Julia Callensee-Flecken\"},\"url\":\"https:\\\/\\\/ikth.de\\\/startseite\\\/author\\\/julia-callensee-flecken\\\/\"}]}<\/script>\n<!-- \/ Yoast SEO plugin. -->","yoast_head_json":{"title":"Erstes Th\u00fcringer Entlastungsgesetz - Ingenieurkammer Th\u00fcringen","robots":{"index":"index","follow":"follow","max-snippet":"max-snippet:-1","max-image-preview":"max-image-preview:large","max-video-preview":"max-video-preview:-1"},"canonical":"https:\/\/ikth.de\/startseite\/erstes-thueringer-entlastungsgesetz\/","og_locale":"de_DE","og_type":"article","og_title":"Erstes Th\u00fcringer Entlastungsgesetz - Ingenieurkammer Th\u00fcringen","og_description":"[vc_row][vc_column][vc_column_text css=&#8220;&#8220;]Mit dem Inkrafttreten des Th\u00fcringer Entlastungsgesetzes (24.07.2026 | GVBl. 6-2026, S. 150 ff.), das Mantelgesetz soll zur Deregulierung, Vereinfachung und Entlastung der Verwaltung beitragen, sind auch \u00c4nderungen in der&hellip;","og_url":"https:\/\/ikth.de\/startseite\/erstes-thueringer-entlastungsgesetz\/","og_site_name":"Ingenieurkammer Th\u00fcringen","article_published_time":"2026-09-02T09:48:12+00:00","og_image":[{"width":2560,"height":1707,"url":"https:\/\/ikth.de\/wp-content\/uploads\/2026\/08\/cropped-view-businesswomen-reading-document.jpg","type":"image\/jpeg"}],"author":"Julia Callensee-Flecken","twitter_card":"summary_large_image","twitter_misc":{"Verfasst von":"Julia Callensee-Flecken","Gesch\u00e4tzte Lesezeit":"1\u00a0Minute"},"schema":{"@context":"https:\/\/schema.org","@graph":[{"@type":"Article","@id":"https:\/\/ikth.de\/startseite\/erstes-thueringer-entlastungsgesetz\/#article","isPartOf":{"@id":"https:\/\/ikth.de\/startseite\/erstes-thueringer-entlastungsgesetz\/"},"author":{"name":"Julia Callensee-Flecken","@id":"https:\/\/ikth.de\/startseite\/#\/schema\/person\/2f490d528571f8ed3167c8119fdf6328"},"headline":"Erstes Th\u00fcringer Entlastungsgesetz","datePublished":"2026-09-02T09:48:12+00:00","mainEntityOfPage":{"@id":"https:\/\/ikth.de\/startseite\/erstes-thueringer-entlastungsgesetz\/"},"wordCount":64,"image":{"@id":"https:\/\/ikth.de\/startseite\/erstes-thueringer-entlastungsgesetz\/#primaryimage"},"thumbnailUrl":"https:\/\/ikth.de\/wp-content\/uploads\/2026\/08\/cropped-view-businesswomen-reading-document.jpg","keywords":["Bauordnung","Th\u00fcringer Entlastungsgesetz"],"articleSection":{"0":"2026","2":"News"},"inLanguage":"de"},{"@type":"WebPage","@id":"https:\/\/ikth.de\/startseite\/erstes-thueringer-entlastungsgesetz\/","url":"https:\/\/ikth.de\/startseite\/erstes-thueringer-entlastungsgesetz\/","name":"Erstes Th\u00fcringer Entlastungsgesetz - Ingenieurkammer Th\u00fcringen","isPartOf":{"@id":"https:\/\/ikth.de\/startseite\/#website"},"primaryImageOfPage":{"@id":"https:\/\/ikth.de\/startseite\/erstes-thueringer-entlastungsgesetz\/#primaryimage"},"image":{"@id":"https:\/\/ikth.de\/startseite\/erstes-thueringer-entlastungsgesetz\/#primaryimage"},"thumbnailUrl":"https:\/\/ikth.de\/wp-content\/uploads\/2026\/08\/cropped-view-businesswomen-reading-document.jpg","datePublished":"2026-09-02T09:48:12+00:00","author":{"@id":"https:\/\/ikth.de\/startseite\/#\/schema\/person\/2f490d528571f8ed3167c8119fdf6328"},"breadcrumb":{"@id":"https:\/\/ikth.de\/startseite\/erstes-thueringer-entlastungsgesetz\/#breadcrumb"},"inLanguage":"de","potentialAction":[{"@type":"ReadAction","target":["https:\/\/ikth.de\/startseite\/erstes-thueringer-entlastungsgesetz\/"]}]},{"@type":"ImageObject","inLanguage":"de","@id":"https:\/\/ikth.de\/startseite\/erstes-thueringer-entlastungsgesetz\/#primaryimage","url":"https:\/\/ikth.de\/wp-content\/uploads\/2026\/08\/cropped-view-businesswomen-reading-document.jpg","contentUrl":"https:\/\/ikth.de\/wp-content\/uploads\/2026\/08\/cropped-view-businesswomen-reading-document.jpg","width":2560,"height":1707,"caption":"Cropped view of businesswomen reading document. Closeup shot of female finger pointing at page. Business concept"},{"@type":"BreadcrumbList","@id":"https:\/\/ikth.de\/startseite\/erstes-thueringer-entlastungsgesetz\/#breadcrumb","itemListElement":[{"@type":"ListItem","position":1,"name":"Startseite","item":"https:\/\/ikth.de\/startseite\/"},{"@type":"ListItem","position":2,"name":"Erstes Th\u00fcringer Entlastungsgesetz"}]},{"@type":"WebSite","@id":"https:\/\/ikth.de\/startseite\/#website","url":"https:\/\/ikth.de\/startseite\/","name":"Ingenieurkammer Th\u00fcringen","description":"","potentialAction":[{"@type":"SearchAction","target":{"@type":"EntryPoint","urlTemplate":"https:\/\/ikth.de\/startseite\/?s={search_term_string}"},"query-input":{"@type":"PropertyValueSpecification","valueRequired":true,"valueName":"search_term_string"}}],"inLanguage":"de"},{"@type":"Person","@id":"https:\/\/ikth.de\/startseite\/#\/schema\/person\/2f490d528571f8ed3167c8119fdf6328","name":"Julia Callensee-Flecken","image":{"@type":"ImageObject","inLanguage":"de","@id":"https:\/\/secure.gravatar.com\/avatar\/80a13b85295cef002313fe1d9bc6b47cbfc7c44117d662b5feecd488cf736e11?s=96&d=mm&r=g","url":"https:\/\/secure.gravatar.com\/avatar\/80a13b85295cef002313fe1d9bc6b47cbfc7c44117d662b5feecd488cf736e11?s=96&d=mm&r=g","contentUrl":"https:\/\/secure.gravatar.com\/avatar\/80a13b85295cef002313fe1d9bc6b47cbfc7c44117d662b5feecd488cf736e11?s=96&d=mm&r=g","caption":"Julia Callensee-Flecken"},"url":"https:\/\/ikth.de\/startseite\/author\/julia-callensee-flecken\/"}]}},"_links":{"self":[{"href":"https:\/\/ikth.de\/startseite\/wp-json\/wp\/v2\/posts\/60643","targetHints":{"allow":["GET"]}}],"collection":[{"href":"https:\/\/ikth.de\/startseite\/wp-json\/wp\/v2\/posts"}],"about":[{"href":"https:\/\/ikth.de\/startseite\/wp-json\/wp\/v2\/types\/post"}],"author":[{"embeddable":true,"href":"https:\/\/ikth.de\/startseite\/wp-json\/wp\/v2\/users\/12"}],"replies":[{"embeddable":true,"href":"https:\/\/ikth.de\/startseite\/wp-json\/wp\/v2\/comments?post=60643"}],"version-history":[{"count":1,"href":"https:\/\/ikth.de\/startseite\/wp-json\/wp\/v2\/posts\/60643\/revisions"}],"predecessor-version":[{"id":60644,"href":"https:\/\/ikth.de\/startseite\/wp-json\/wp\/v2\/posts\/60643\/revisions\/60644"}],"wp:featuredmedia":[{"embeddable":true,"href":"https:\/\/ikth.de\/startseite\/wp-json\/wp\/v2\/media\/60641"}],"wp:attachment":[{"href":"https:\/\/ikth.de\/startseite\/wp-json\/wp\/v2\/media?parent=60643"}],"wp:term":[{"taxonomy":"category","embeddable":true,"href":"https:\/\/ikth.de\/startseite\/wp-json\/wp\/v2\/categories?post=60643"},{"taxonomy":"post_tag","embeddable":true,"href":"https:\/\/ikth.de\/startseite\/wp-json\/wp\/v2\/tags?post=60643"}],"curies":[{"name":"wp","href":"https:\/\/api.w.org\/{rel}","templated":true}]}}