{"id":5859,"date":"2023-11-26T12:42:04","date_gmt":"2023-11-26T11:42:04","guid":{"rendered":"https:\/\/ikth.de\/startseite\/?p=5859"},"modified":"2023-11-29T13:13:21","modified_gmt":"2023-11-29T12:13:21","slug":"aho-herbsttagung-2023-resuemee-zur-halbzeit-der-hoai-reform","status":"publish","type":"post","link":"https:\/\/ikth.de\/startseite\/aho-herbsttagung-2023-resuemee-zur-halbzeit-der-hoai-reform\/","title":{"rendered":"AHO-Herbsttagung 2023 \u2013 Res\u00fcmee zur Halbzeit der HOAI-Reform"},"content":{"rendered":"<div class=\"wpb-content-wrapper\"><p>[vc_row][vc_column][vc_column_text]Die laufende Novellierung der Honorarordnung f\u00fcr Architekten und Ingenieure (HOAI) stand im Fokus der diesj\u00e4hrigen AHO-Herbsttagung, die am 23. November 2023 vor mehr als 130 Teilnehmern im Ludwig-Erhard-Haus in Berlin stattfand.<\/p>\n<p>In seiner Einleitung res\u00fcmierte der AHO-Vorstandsvorsitzende Dipl.-Ing. Klaus-D. Abraham, dass nach der \u00dcberarbeitung der Leistungsbilder mit dem aktuell vorgelegten Gutachten zur Evaluierung der HOAI 202X ein wichtiger Zwischenschritt im Rahmen des zweistufigen Novellierungsprozesses absolviert wurde. Er dankte allen Beteiligten, die an dieser Herkulesaufgabe mitgewirkt haben. Viele der von AHO, Bundesarchitektenkammer und Bundesingenieurkammer koordinierten fachlichen Vorschl\u00e4ge der Verb\u00e4nde und Kammern der Ingenieure und Architekten, insbesondere zu den wichtigen Themen Digitalisierung\/Building Information Modeling, Nachhaltigkeit sowie Planen im Bestand wurden in dem genannten Fachgutachten ber\u00fccksichtigt, das als Grundlage f\u00fcr das unter Federf\u00fchrung des Bundesministeriums f\u00fcr Wirtschaft und Klimaschutz (BMWK) anstehende Honorargutachten dient. Gleichwohl gibt es bei einzelnen Punkten noch Bedarf zur Nachjustierung, beispielsweise der Festlegung des Zeitpunkts zur Honorarermittlung in der fr\u00fchen Leistungsphase 3. Gerade beim Planen im Bestand, bei der Beauftragung verschiedener Planer mit unterschiedlichen Leistungsphasen, besonders aber bei langlaufenden Projekten ist die Fixierung des Honorars auf die Kostenberechnung in dem starren System \u00e4u\u00dferst problematisch. Der AHO-Vorsitzende fordert daher nachdr\u00fccklich, dass diese praxisrelevante Thematik im dem anstehenden Honorargutachten weiter diskutiert und verbessert wird.<\/p>\n<p>Die Leiterin der Abteilung Wirtschaftspolitik im f\u00fcr die HOAI federf\u00fchrenden BMWK, Dr. Elga Bartsch, betonte die Zielstellung der Bundesregierung, die Themen Ressourcenschonung, Lebenszyklusbetrachtung sowie Nachhaltigkeit im Sinne des klimagerechten Planens und Bauens st\u00e4rker in der HOAI zu verankern und auch zuk\u00fcnftig eine breite Akzeptanz der HOAI als Orientierungshilfe f\u00fcr die Praxis zu erzeugen. Mit dem vorliegenden Gutachten zur Evaluierung der HOAI-Leistungsbilder wurde auf diesem Weg ein wesentliches St\u00fcck Arbeit geleistet. Sie dankte allen Beteiligten f\u00fcr ihr Engagement, aber auch f\u00fcr die Kompromissbereitschaft. Das BMWK wird das anstehende Wirtschaftsgutachten zur Untersuchung der Honorartafeln trotz der Auswirkungen infolge der Entscheidung des Bundesverfassungsgerichts zu den verfassungswidrigen Krediterm\u00e4chtigungen im Klima- und Transformationsfond mit einer gewissen Verz\u00f6gerung ausschreiben und vergeben. Ziel ist die Vorlage eines wissenschaftlich fundierten Honorargutachtens im Herbst 2024. Im Anschluss soll der Verordnungsentwurf aufgestellt und mit den beteiligten Bundesministerien abgestimmt werden. Im Fr\u00fchjahr 2025 ist die Beteiligung der Bundesl\u00e4nder geplant, damit die HOAI noch vor dem Sommer 2025 im Bundesrat verabschiedet werden kann.<\/p>\n<p>Die zust\u00e4ndige Referentin im Bundesbauministerium (BMWSB) Katharina G\u00e4bel lie\u00df die Meilensteine und das umfangreiche Pensum zur Evaluierung der HOAI-Leistungsbilder Revue passieren. Am Vortag der AHO-Herbsttagung fand im BMWSB ein Abschlusstreffen statt, in dem der Einsatz und die intensive Mitarbeit der fachlich Beteiligten und des Gutachterteams rund um den Leiter Remus Grolle-H\u00fcging, agn Niederberghaus &amp; Partner GmbH, Ibbenb\u00fcren gew\u00fcrdigt wurde.<\/p>\n<p>&nbsp;<\/p>\n\n\t\t\t<style type='text\/css'>\n\t\t\t\t#gallery-1 {\n\t\t\t\t\tmargin: auto;\n\t\t\t\t}\n\t\t\t\t#gallery-1 .gallery-item {\n\t\t\t\t\tfloat: left;\n\t\t\t\t\tmargin-top: 10px;\n\t\t\t\t\ttext-align: center;\n\t\t\t\t\twidth: 33%;\n\t\t\t\t}\n\t\t\t\t#gallery-1 img {\n\t\t\t\t\tborder: 2px solid #cfcfcf;\n\t\t\t\t}\n\t\t\t\t#gallery-1 .gallery-caption {\n\t\t\t\t\tmargin-left: 0;\n\t\t\t\t}\n\t\t\t\t\/* see gallery_shortcode() in wp-includes\/media.php *\/\n\t\t\t<\/style>\n\t\t<div id='gallery-1' class='dt-gallery-container gallery galleryid-5859 gallery-columns-3 gallery-size-large'><dl class='gallery-item'>\n\t\t\t\t<dt class='gallery-icon landscape'>\n\t\t\t\t\t<a class=\"rollover\" href='https:\/\/ikth.de\/startseite\/aho-herbsttagung-2023-resuemee-zur-halbzeit-der-hoai-reform\/foto-1_23112023\/'><img loading=\"lazy\" decoding=\"async\" width=\"1024\" height=\"683\" src=\"https:\/\/ikth.de\/wp-content\/uploads\/2023\/11\/Foto-1_23112023-1024x683.jpg\" class=\"attachment-large size-large\" alt=\"Dr. Hans-Gerd Schmidt, Joachim Brenncke, Prof. Dr. Dr. jur. Horst G. Rustmeier, Klaus-D. Abraham, Prof. Dr. jur. Andreas Jurgeleit, Dr.-Ing. Mark Husmann\" aria-describedby=\"gallery-1-5862\" srcset=\"https:\/\/ikth.de\/wp-content\/uploads\/2023\/11\/Foto-1_23112023-1024x683.jpg 1024w, https:\/\/ikth.de\/wp-content\/uploads\/2023\/11\/Foto-1_23112023-300x200.jpg 300w, https:\/\/ikth.de\/wp-content\/uploads\/2023\/11\/Foto-1_23112023-768x512.jpg 768w, https:\/\/ikth.de\/wp-content\/uploads\/2023\/11\/Foto-1_23112023-1536x1025.jpg 1536w, https:\/\/ikth.de\/wp-content\/uploads\/2023\/11\/Foto-1_23112023-2048x1366.jpg 2048w\" sizes=\"auto, (max-width: 1024px) 100vw, 1024px\" \/><\/a>\n\t\t\t\t<\/dt>\n\t\t\t\t\t<dd class='wp-caption-text gallery-caption' id='gallery-1-5862'>\n\t\t\t\t\tDr. Hans-Gerd Schmidt, Joachim Brenncke, Prof. Dr. Dr. jur. Horst G. Rustmeier, Klaus-D. Abraham, Prof. Dr. jur. Andreas Jurgeleit, Dr.-Ing. Mark Husmann\n\t\t\t\t\t<\/dd><\/dl><dl class='gallery-item'>\n\t\t\t\t<dt class='gallery-icon landscape'>\n\t\t\t\t\t<a class=\"rollover\" href='https:\/\/ikth.de\/startseite\/aho-herbsttagung-2023-resuemee-zur-halbzeit-der-hoai-reform\/foto-2_23112023\/'><img loading=\"lazy\" decoding=\"async\" width=\"1024\" height=\"683\" src=\"https:\/\/ikth.de\/wp-content\/uploads\/2023\/11\/Foto-2_23112023-1024x683.jpg\" class=\"attachment-large size-large\" alt=\"Klaus-D. Abraham, Dr. Elga Bartsch\" aria-describedby=\"gallery-1-5861\" srcset=\"https:\/\/ikth.de\/wp-content\/uploads\/2023\/11\/Foto-2_23112023-1024x683.jpg 1024w, https:\/\/ikth.de\/wp-content\/uploads\/2023\/11\/Foto-2_23112023-300x200.jpg 300w, https:\/\/ikth.de\/wp-content\/uploads\/2023\/11\/Foto-2_23112023-768x512.jpg 768w, https:\/\/ikth.de\/wp-content\/uploads\/2023\/11\/Foto-2_23112023-1536x1025.jpg 1536w, https:\/\/ikth.de\/wp-content\/uploads\/2023\/11\/Foto-2_23112023-2048x1366.jpg 2048w\" sizes=\"auto, (max-width: 1024px) 100vw, 1024px\" \/><\/a>\n\t\t\t\t<\/dt>\n\t\t\t\t\t<dd class='wp-caption-text gallery-caption' id='gallery-1-5861'>\n\t\t\t\t\tKlaus-D. Abraham, Dr. Elga Bartsch\n\t\t\t\t\t<\/dd><\/dl><dl class='gallery-item'>\n\t\t\t\t<dt class='gallery-icon landscape'>\n\t\t\t\t\t<a class=\"rollover\" href='https:\/\/ikth.de\/startseite\/aho-herbsttagung-2023-resuemee-zur-halbzeit-der-hoai-reform\/foto-3_23112023\/'><img loading=\"lazy\" decoding=\"async\" width=\"1024\" height=\"683\" src=\"https:\/\/ikth.de\/wp-content\/uploads\/2023\/11\/Foto-3_23112023-1024x683.jpg\" class=\"attachment-large size-large\" alt=\"Dr. J\u00f6rg L. Bodden\" aria-describedby=\"gallery-1-5860\" srcset=\"https:\/\/ikth.de\/wp-content\/uploads\/2023\/11\/Foto-3_23112023-1024x683.jpg 1024w, https:\/\/ikth.de\/wp-content\/uploads\/2023\/11\/Foto-3_23112023-300x200.jpg 300w, https:\/\/ikth.de\/wp-content\/uploads\/2023\/11\/Foto-3_23112023-768x512.jpg 768w, https:\/\/ikth.de\/wp-content\/uploads\/2023\/11\/Foto-3_23112023-1536x1025.jpg 1536w, https:\/\/ikth.de\/wp-content\/uploads\/2023\/11\/Foto-3_23112023-2048x1366.jpg 2048w\" sizes=\"auto, (max-width: 1024px) 100vw, 1024px\" \/><\/a>\n\t\t\t\t<\/dt>\n\t\t\t\t\t<dd class='wp-caption-text gallery-caption' id='gallery-1-5860'>\n\t\t\t\t\tDr. J\u00f6rg L. Bodden\n\t\t\t\t\t<\/dd><\/dl><br style=\"clear: both\" \/>\n\t\t\t<\/div>\n\n<p>&nbsp;<\/p>\n<p>Einen \u00e4u\u00dferst gelungenen \u00dcberblick \u00fcber die wesentlichen \u00c4nderungsvorschl\u00e4ge in den HOAI-Leistungsbildern gab Rechtsanwalt Dr. J\u00f6rg L. Bodden, Kapellmann &amp; Partner, D\u00fcsseldorf, der selbst im Gutachterteam mitgewirkt und die Projektgruppe BIM begleitet hat. Er wies zun\u00e4chst darauf hin, dass neben der Einf\u00fchrung einer neuen Definition der Nachhaltigkeit diese als Planungsziel im Rahmen der Grundleistungen zu beachten ist. Allerdings bleiben besondere Nachweisf\u00fchrungen, wie z.B. Lebenszyklusbetrachtungen Besondere Leistungen. Zur Ber\u00fccksichtigung von Klimaschutz und Klimafolgenanpassung wurde ein neues Leistungsbild St\u00e4dtebaulicher Entwurf vorgeschlagen.<\/p>\n<p>Der Bereich Planen im Bestand wurde vereinfacht und konkretisiert. Zuk\u00fcnftig soll nur noch zwischen Neubau und Objekten im Bestand unterschieden werden. Die Differenzierung in Umbauten, Modernisierungen, Instandsetzungen und Instandhaltungen entf\u00e4llt. Erweiterungsbauten gelten als Neubauten. Grunds\u00e4tzlich bleibt es bei der bew\u00e4hrten Ber\u00fccksichtigung von mitzuverarbeitender Bausubstanz und Umbauzuschlag. Allerdings wurde die Ermittlung der beiden Parameter konkretisiert. Ein Zuschlag bei neuen technischen Anlagen in Bestandgeb\u00e4uden soll neu eingef\u00fchrt werden.<\/p>\n<p>Als Neuerung wird ferner eine getrennte Honorarabrechnung bei der Bildung von eigenst\u00e4ndigen Planungs-oder Bauabschnitten vorgeschlagen. Dieser Vorschlag geht auf eine Regelung des alten \u00a7 21 HOAI 1996 zur\u00fcck.<\/p>\n<p>Neu gefasst und auch im Sinne des Bauvertragsrechts klarer strukturiert wurde die Regelung zur Wiederholung von Grundleistungen und zur \u00c4nderung der Planungs- oder \u00dcberwachungsziele auf Veranlassung des Auftraggebers.<\/p>\n<p>Zur Synchronisierung mit der sog. \u201eZielfindungsphase\u201c in \u00a7 650p Abs. 2 BGB wurde die Grundleistung c) in der Leistungsphase 1 neu gefasst.<\/p>\n<p>Alle Leistungsbilder wurden auf den aktuellen Stand gebracht und hinsichtlich der Abgrenzung von Grund- und Besonderen Leistungen gesch\u00e4rft. Das Ineinandergreifen der Objekt- und Fachplanungen wurde \u00fcberpr\u00fcft. Die Vorplanung (Lph 2) wurde auf konzeptionelle Ergebnisse zur\u00fcckgef\u00fchrt. In der Tragwerksplanung soll die ingenieurtechnische Kontrolle der Ausf\u00fchrung der wesentlichen Teile des Tragwerks auf \u00dcbereinstimmung mit den freigegebenen statischen Unterlagen als Grundleistung aufgenommen werden.<\/p>\n<p>Die Fachplanungsleistungen der Anlage 1 HOAI Umweltvertr\u00e4glichkeitsstudie, Bauphysik, Geotechnik und Ingenieurvermessung werden wieder in den Verordnungsteil integriert. Gleiches gilt f\u00fcr die \u00d6rtliche Bau\u00fcberwachung f\u00fcr Ingenieurbauwerke und Verkehrsanlagen.<\/p>\n<p>Schlie\u00dflich wurde ein Regelprozess BIM mit Grund- und Besonderen Leistungen vorgeschlagen. Da die HOAI methodenneutral bleibt, muss dieser explizit zwischen den Parteien vereinbart werde. Die Honorarauswirkungen werden grunds\u00e4tzlich in dem anstehenden Honorargutachten \u00fcberpr\u00fcft.<\/p>\n<p>Schlie\u00dflich wurde im Allgemeinen Teil klargestellt, dass die Grundleistungen abschlie\u00dfend sind. Aus aktuellem Anlass wird ferner auf die DIN 276 (2018) Bezug genommen.<\/p>\n<p>Abschlie\u00dfend gab Dr. Bodden auch wichtige Denkanst\u00f6\u00dfe f\u00fcr das anstehende Honorargutachten, wie beispielsweise die Fortschreibung der Tafelendwerte, die Festlegung eines Honorarwertes statt des bisherigen Honorarrahmens sowie die mehrstufige Ermittlung der anrechenbaren Kosten bis hin zu einem Blick in die Zukunft und die m\u00f6glichen Themen f\u00fcr eine HOAI 203X.<\/p>\n<p>Ein weiterer H\u00f6hepunkt der Tagung war der Vortrag von Prof. Dr. jur. Andreas Jurgeleit, Richter am Bundesgerichtshof, der eine aktuelle Entscheidung seines Senats vom 9. November 2023 \u2013VII ZR 190\/22 zur Erbringung von Rechtsdienstleistungen durch einen Architekten darstellte, die erhebliche Auswirkungen auf die (rechts)beratenden T\u00e4tigkeiten von Planern hat. Im Ergebnis hat der BGH in seiner Entscheidung die Grenzen einer Rechtsdienstleistung durch Planer als Nebenleistung zum Berufs- oder T\u00e4tigkeitsbild deutlich aufgezeigt und klargestellt, dass der Planer nicht Rechtsberater des Bauherrn ist. Insbesondere rechtfertigt<\/p>\n<ul>\n<li>5 Abs. 1 RDG nicht, Vertragsklauseln im Sinne einer Skontoklausel abzufassen. Im Gegensatz zu einigen HOAI-Kommentatoren wird ferner klargestellt, dass die preisrechtlichen Regelungen der HOAI keinen unmittelbaren Erlaubnistatbestand f\u00fcr Rechtsdienstleistungen begr\u00fcnden. Mithin sind insbesondere die Formulierungen in den Leistungsphasen 6 und 7 \u201eMitwirken bei\u2026\u201c auf ein fachliches Mitwirken bei der Vergabe zu reduzieren. Sie rechtfertigen grunds\u00e4tzlich keine Rechtsdienstleistungen.<\/li>\n<\/ul>\n<p>Wie in jedem Jahr wurden im Rahmen der AHO-Herbsttagung die wesentlichen Ergebnisse der von AHO, Verband Beratender Ingenieure (VBI) und Bundesingenieurkammer beim Institut f\u00fcr Freie Berufe (IFB) beauftragten Jahresumfrage \u201eWirtschaftliche Lage der Ingenieure und Architekten\u201c f\u00fcr das Jahr 2022 vorgestellt.<\/p>\n<p>Der AHO-Vorstandsvorsitzende konnte erneut ein \u00fcberwiegend positives Bild der wirtschaftlichen Situation von Ingenieur- und Architekturb\u00fcros im Jahr 2022 zeichnen. Dies verdeutlichen nicht zuletzt die nach wie vor stabilen Ums\u00e4tze und Renditen, auch wenn diese wegen der teilweise inhomogenen Struktur der beteiligten Planungsb\u00fcros unterschiedlich ausfallen. Planungsleistungen werden weiterhin stark nachgefragt. Allerdings ist diese Entwicklung durch den Stopp beschlossener Investitionsvorhaben im Hoch- und Infrastrukturbereich infolge der erh\u00f6hten Material- und Energiepreise aber auch der Haushaltsprobleme nach der j\u00fcngsten Entscheidung des Bundesverfassungsgerichts zunehmend mit Unsicherheiten behaftet.<\/p>\n<p>Ungebrochen ist dagegen die Nachfrage nach fest angestellten Ingenieuren und Architekten. So gab die H\u00e4lfte der befragten Ingenieurb\u00fcros (48,7 %) einen hohen Personalbedarf an fest angestellten Ingenieuren an. Bei 32,9 % der Architekturb\u00fcros wird ein zus\u00e4tzlicher Bedarf an Architekten gemeldet.<\/p>\n<p>Die gesamten Ergebnisse der Jahresumfrage und weitere Informationen sind unter <a href=\"http:\/\/www.aho.de\">www.aho.de<\/a> abrufbar. Dort finden Sie auch den AHO-Stundensatzrechner.<\/p>\n<p>&nbsp;<\/p>\n<p>[\/vc_column_text][\/vc_column][\/vc_row]<\/p>\n<\/div>","protected":false},"excerpt":{"rendered":"<p>[vc_row][vc_column][vc_column_text]Die laufende Novellierung der Honorarordnung f\u00fcr Architekten und Ingenieure (HOAI) stand im Fokus der diesj\u00e4hrigen AHO-Herbsttagung, die am 23. November 2023 vor mehr als 130 Teilnehmern im Ludwig-Erhard-Haus in Berlin&hellip;<\/p>\n","protected":false},"author":7,"featured_media":5860,"comment_status":"closed","ping_status":"closed","sticky":false,"template":"","format":"standard","meta":{"_acf_changed":false,"footnotes":""},"categories":[313,299,94,76],"tags":[],"class_list":{"0":"post-5859","1":"post","2":"type-post","3":"status-publish","4":"format-standard","5":"has-post-thumbnail","6":"hentry","7":"category-313","8":"category-aho","9":"category-hoai","10":"category-news","12":"category-299","13":"category-94","14":"category-76","15":"description-off"},"acf":[],"yoast_head":"<!-- This site is optimized with the Yoast SEO plugin v26.4 - https:\/\/yoast.com\/wordpress\/plugins\/seo\/ -->\n<title>AHO-Herbsttagung 2023 \u2013 Res\u00fcmee zur Halbzeit der HOAI-Reform - Ingenieurkammer Th\u00fcringen<\/title>\n<meta name=\"description\" content=\"0\" \/>\n<meta name=\"robots\" content=\"index, follow, max-snippet:-1, max-image-preview:large, max-video-preview:-1\" \/>\n<link rel=\"canonical\" href=\"https:\/\/ikth.de\/startseite\/aho-herbsttagung-2023-resuemee-zur-halbzeit-der-hoai-reform\/\" \/>\n<meta property=\"og:locale\" content=\"de_DE\" \/>\n<meta property=\"og:type\" content=\"article\" \/>\n<meta property=\"og:title\" content=\"AHO-Herbsttagung 2023 \u2013 Res\u00fcmee zur Halbzeit der HOAI-Reform - Ingenieurkammer Th\u00fcringen\" \/>\n<meta property=\"og:description\" content=\"[vc_row][vc_column][vc_column_text]Die laufende Novellierung der Honorarordnung f\u00fcr Architekten und Ingenieure (HOAI) stand im Fokus der diesj\u00e4hrigen AHO-Herbsttagung, die am 23. November 2023 vor mehr als 130 Teilnehmern im Ludwig-Erhard-Haus in Berlin&hellip;\" \/>\n<meta property=\"og:url\" content=\"https:\/\/ikth.de\/startseite\/aho-herbsttagung-2023-resuemee-zur-halbzeit-der-hoai-reform\/\" \/>\n<meta property=\"og:site_name\" content=\"Ingenieurkammer Th\u00fcringen\" \/>\n<meta property=\"article:published_time\" content=\"2023-11-26T11:42:04+00:00\" \/>\n<meta property=\"article:modified_time\" content=\"2023-11-29T12:13:21+00:00\" \/>\n<meta property=\"og:image\" content=\"https:\/\/ikth.de\/wp-content\/uploads\/2023\/11\/Foto-3_23112023-scaled.jpg\" \/>\n\t<meta property=\"og:image:width\" content=\"2560\" \/>\n\t<meta property=\"og:image:height\" content=\"1708\" \/>\n\t<meta property=\"og:image:type\" content=\"image\/jpeg\" \/>\n<meta name=\"author\" content=\"FranziskaHartung\" \/>\n<meta name=\"twitter:card\" content=\"summary_large_image\" \/>\n<meta name=\"twitter:label1\" content=\"Verfasst von\" \/>\n\t<meta name=\"twitter:data1\" content=\"FranziskaHartung\" \/>\n\t<meta name=\"twitter:label2\" content=\"Gesch\u00e4tzte Lesezeit\" \/>\n\t<meta name=\"twitter:data2\" content=\"7\u00a0Minuten\" \/>\n<script type=\"application\/ld+json\" class=\"yoast-schema-graph\">{\"@context\":\"https:\/\/schema.org\",\"@graph\":[{\"@type\":\"WebPage\",\"@id\":\"https:\/\/ikth.de\/startseite\/aho-herbsttagung-2023-resuemee-zur-halbzeit-der-hoai-reform\/\",\"url\":\"https:\/\/ikth.de\/startseite\/aho-herbsttagung-2023-resuemee-zur-halbzeit-der-hoai-reform\/\",\"name\":\"AHO-Herbsttagung 2023 \u2013 Res\u00fcmee zur Halbzeit der HOAI-Reform - Ingenieurkammer Th\u00fcringen\",\"isPartOf\":{\"@id\":\"https:\/\/ikth.de\/startseite\/#website\"},\"primaryImageOfPage\":{\"@id\":\"https:\/\/ikth.de\/startseite\/aho-herbsttagung-2023-resuemee-zur-halbzeit-der-hoai-reform\/#primaryimage\"},\"image\":{\"@id\":\"https:\/\/ikth.de\/startseite\/aho-herbsttagung-2023-resuemee-zur-halbzeit-der-hoai-reform\/#primaryimage\"},\"thumbnailUrl\":\"https:\/\/ikth.de\/wp-content\/uploads\/2023\/11\/Foto-3_23112023-scaled.jpg\",\"datePublished\":\"2023-11-26T11:42:04+00:00\",\"dateModified\":\"2023-11-29T12:13:21+00:00\",\"author\":{\"@id\":\"https:\/\/ikth.de\/startseite\/#\/schema\/person\/526a94beb97b2da25e3be97837f9b3a2\"},\"breadcrumb\":{\"@id\":\"https:\/\/ikth.de\/startseite\/aho-herbsttagung-2023-resuemee-zur-halbzeit-der-hoai-reform\/#breadcrumb\"},\"inLanguage\":\"de\",\"potentialAction\":[{\"@type\":\"ReadAction\",\"target\":[\"https:\/\/ikth.de\/startseite\/aho-herbsttagung-2023-resuemee-zur-halbzeit-der-hoai-reform\/\"]}]},{\"@type\":\"ImageObject\",\"inLanguage\":\"de\",\"@id\":\"https:\/\/ikth.de\/startseite\/aho-herbsttagung-2023-resuemee-zur-halbzeit-der-hoai-reform\/#primaryimage\",\"url\":\"https:\/\/ikth.de\/wp-content\/uploads\/2023\/11\/Foto-3_23112023-scaled.jpg\",\"contentUrl\":\"https:\/\/ikth.de\/wp-content\/uploads\/2023\/11\/Foto-3_23112023-scaled.jpg\",\"width\":2560,\"height\":1708,\"caption\":\"Dr. J\u00f6rg L. Bodden\"},{\"@type\":\"BreadcrumbList\",\"@id\":\"https:\/\/ikth.de\/startseite\/aho-herbsttagung-2023-resuemee-zur-halbzeit-der-hoai-reform\/#breadcrumb\",\"itemListElement\":[{\"@type\":\"ListItem\",\"position\":1,\"name\":\"Startseite\",\"item\":\"https:\/\/ikth.de\/startseite\/\"},{\"@type\":\"ListItem\",\"position\":2,\"name\":\"AHO-Herbsttagung 2023 \u2013 Res\u00fcmee zur Halbzeit der HOAI-Reform\"}]},{\"@type\":\"WebSite\",\"@id\":\"https:\/\/ikth.de\/startseite\/#website\",\"url\":\"https:\/\/ikth.de\/startseite\/\",\"name\":\"Ingenieurkammer Th\u00fcringen\",\"description\":\"\",\"potentialAction\":[{\"@type\":\"SearchAction\",\"target\":{\"@type\":\"EntryPoint\",\"urlTemplate\":\"https:\/\/ikth.de\/startseite\/?s={search_term_string}\"},\"query-input\":{\"@type\":\"PropertyValueSpecification\",\"valueRequired\":true,\"valueName\":\"search_term_string\"}}],\"inLanguage\":\"de\"},{\"@type\":\"Person\",\"@id\":\"https:\/\/ikth.de\/startseite\/#\/schema\/person\/526a94beb97b2da25e3be97837f9b3a2\",\"name\":\"FranziskaHartung\",\"image\":{\"@type\":\"ImageObject\",\"inLanguage\":\"de\",\"@id\":\"https:\/\/ikth.de\/startseite\/#\/schema\/person\/image\/\",\"url\":\"https:\/\/secure.gravatar.com\/avatar\/4e97a183a1ea9dc3ae27f4653e8b2df4ab4b9221e3e46e25bb1c8490c63d9e3b?s=96&d=mm&r=g\",\"contentUrl\":\"https:\/\/secure.gravatar.com\/avatar\/4e97a183a1ea9dc3ae27f4653e8b2df4ab4b9221e3e46e25bb1c8490c63d9e3b?s=96&d=mm&r=g\",\"caption\":\"FranziskaHartung\"},\"url\":\"https:\/\/ikth.de\/startseite\/author\/franziskahartung\/\"}]}<\/script>\n<!-- \/ Yoast SEO plugin. -->","yoast_head_json":{"title":"AHO-Herbsttagung 2023 \u2013 Res\u00fcmee zur Halbzeit der HOAI-Reform - Ingenieurkammer Th\u00fcringen","robots":{"index":"index","follow":"follow","max-snippet":"max-snippet:-1","max-image-preview":"max-image-preview:large","max-video-preview":"max-video-preview:-1"},"canonical":"https:\/\/ikth.de\/startseite\/aho-herbsttagung-2023-resuemee-zur-halbzeit-der-hoai-reform\/","og_locale":"de_DE","og_type":"article","og_title":"AHO-Herbsttagung 2023 \u2013 Res\u00fcmee zur Halbzeit der HOAI-Reform - Ingenieurkammer Th\u00fcringen","og_description":"[vc_row][vc_column][vc_column_text]Die laufende Novellierung der Honorarordnung f\u00fcr Architekten und Ingenieure (HOAI) stand im Fokus der diesj\u00e4hrigen AHO-Herbsttagung, die am 23. November 2023 vor mehr als 130 Teilnehmern im Ludwig-Erhard-Haus in Berlin&hellip;","og_url":"https:\/\/ikth.de\/startseite\/aho-herbsttagung-2023-resuemee-zur-halbzeit-der-hoai-reform\/","og_site_name":"Ingenieurkammer Th\u00fcringen","article_published_time":"2023-11-26T11:42:04+00:00","article_modified_time":"2023-11-29T12:13:21+00:00","og_image":[{"width":2560,"height":1708,"url":"https:\/\/ikth.de\/wp-content\/uploads\/2023\/11\/Foto-3_23112023-scaled.jpg","type":"image\/jpeg"}],"author":"FranziskaHartung","twitter_card":"summary_large_image","twitter_misc":{"Verfasst von":"FranziskaHartung","Gesch\u00e4tzte Lesezeit":"7\u00a0Minuten"},"schema":{"@context":"https:\/\/schema.org","@graph":[{"@type":"WebPage","@id":"https:\/\/ikth.de\/startseite\/aho-herbsttagung-2023-resuemee-zur-halbzeit-der-hoai-reform\/","url":"https:\/\/ikth.de\/startseite\/aho-herbsttagung-2023-resuemee-zur-halbzeit-der-hoai-reform\/","name":"AHO-Herbsttagung 2023 \u2013 Res\u00fcmee zur Halbzeit der HOAI-Reform - Ingenieurkammer Th\u00fcringen","isPartOf":{"@id":"https:\/\/ikth.de\/startseite\/#website"},"primaryImageOfPage":{"@id":"https:\/\/ikth.de\/startseite\/aho-herbsttagung-2023-resuemee-zur-halbzeit-der-hoai-reform\/#primaryimage"},"image":{"@id":"https:\/\/ikth.de\/startseite\/aho-herbsttagung-2023-resuemee-zur-halbzeit-der-hoai-reform\/#primaryimage"},"thumbnailUrl":"https:\/\/ikth.de\/wp-content\/uploads\/2023\/11\/Foto-3_23112023-scaled.jpg","datePublished":"2023-11-26T11:42:04+00:00","dateModified":"2023-11-29T12:13:21+00:00","author":{"@id":"https:\/\/ikth.de\/startseite\/#\/schema\/person\/526a94beb97b2da25e3be97837f9b3a2"},"breadcrumb":{"@id":"https:\/\/ikth.de\/startseite\/aho-herbsttagung-2023-resuemee-zur-halbzeit-der-hoai-reform\/#breadcrumb"},"inLanguage":"de","potentialAction":[{"@type":"ReadAction","target":["https:\/\/ikth.de\/startseite\/aho-herbsttagung-2023-resuemee-zur-halbzeit-der-hoai-reform\/"]}]},{"@type":"ImageObject","inLanguage":"de","@id":"https:\/\/ikth.de\/startseite\/aho-herbsttagung-2023-resuemee-zur-halbzeit-der-hoai-reform\/#primaryimage","url":"https:\/\/ikth.de\/wp-content\/uploads\/2023\/11\/Foto-3_23112023-scaled.jpg","contentUrl":"https:\/\/ikth.de\/wp-content\/uploads\/2023\/11\/Foto-3_23112023-scaled.jpg","width":2560,"height":1708,"caption":"Dr. J\u00f6rg L. Bodden"},{"@type":"BreadcrumbList","@id":"https:\/\/ikth.de\/startseite\/aho-herbsttagung-2023-resuemee-zur-halbzeit-der-hoai-reform\/#breadcrumb","itemListElement":[{"@type":"ListItem","position":1,"name":"Startseite","item":"https:\/\/ikth.de\/startseite\/"},{"@type":"ListItem","position":2,"name":"AHO-Herbsttagung 2023 \u2013 Res\u00fcmee zur Halbzeit der HOAI-Reform"}]},{"@type":"WebSite","@id":"https:\/\/ikth.de\/startseite\/#website","url":"https:\/\/ikth.de\/startseite\/","name":"Ingenieurkammer Th\u00fcringen","description":"","potentialAction":[{"@type":"SearchAction","target":{"@type":"EntryPoint","urlTemplate":"https:\/\/ikth.de\/startseite\/?s={search_term_string}"},"query-input":{"@type":"PropertyValueSpecification","valueRequired":true,"valueName":"search_term_string"}}],"inLanguage":"de"},{"@type":"Person","@id":"https:\/\/ikth.de\/startseite\/#\/schema\/person\/526a94beb97b2da25e3be97837f9b3a2","name":"FranziskaHartung","image":{"@type":"ImageObject","inLanguage":"de","@id":"https:\/\/ikth.de\/startseite\/#\/schema\/person\/image\/","url":"https:\/\/secure.gravatar.com\/avatar\/4e97a183a1ea9dc3ae27f4653e8b2df4ab4b9221e3e46e25bb1c8490c63d9e3b?s=96&d=mm&r=g","contentUrl":"https:\/\/secure.gravatar.com\/avatar\/4e97a183a1ea9dc3ae27f4653e8b2df4ab4b9221e3e46e25bb1c8490c63d9e3b?s=96&d=mm&r=g","caption":"FranziskaHartung"},"url":"https:\/\/ikth.de\/startseite\/author\/franziskahartung\/"}]}},"_links":{"self":[{"href":"https:\/\/ikth.de\/startseite\/wp-json\/wp\/v2\/posts\/5859","targetHints":{"allow":["GET"]}}],"collection":[{"href":"https:\/\/ikth.de\/startseite\/wp-json\/wp\/v2\/posts"}],"about":[{"href":"https:\/\/ikth.de\/startseite\/wp-json\/wp\/v2\/types\/post"}],"author":[{"embeddable":true,"href":"https:\/\/ikth.de\/startseite\/wp-json\/wp\/v2\/users\/7"}],"replies":[{"embeddable":true,"href":"https:\/\/ikth.de\/startseite\/wp-json\/wp\/v2\/comments?post=5859"}],"version-history":[{"count":7,"href":"https:\/\/ikth.de\/startseite\/wp-json\/wp\/v2\/posts\/5859\/revisions"}],"predecessor-version":[{"id":5869,"href":"https:\/\/ikth.de\/startseite\/wp-json\/wp\/v2\/posts\/5859\/revisions\/5869"}],"wp:featuredmedia":[{"embeddable":true,"href":"https:\/\/ikth.de\/startseite\/wp-json\/wp\/v2\/media\/5860"}],"wp:attachment":[{"href":"https:\/\/ikth.de\/startseite\/wp-json\/wp\/v2\/media?parent=5859"}],"wp:term":[{"taxonomy":"category","embeddable":true,"href":"https:\/\/ikth.de\/startseite\/wp-json\/wp\/v2\/categories?post=5859"},{"taxonomy":"post_tag","embeddable":true,"href":"https:\/\/ikth.de\/startseite\/wp-json\/wp\/v2\/tags?post=5859"}],"curies":[{"name":"wp","href":"https:\/\/api.w.org\/{rel}","templated":true}]}}