{"id":5730,"date":"2023-09-20T12:09:04","date_gmt":"2023-09-20T10:09:04","guid":{"rendered":"https:\/\/ikth.de\/startseite\/?p=5730"},"modified":"2023-11-08T12:59:06","modified_gmt":"2023-11-08T11:59:06","slug":"ktf-19-milliarden-fuer-gebaeudebereich","status":"publish","type":"post","link":"https:\/\/ikth.de\/startseite\/ktf-19-milliarden-fuer-gebaeudebereich\/","title":{"rendered":"KTF: 19 Milliarden f\u00fcr Geb\u00e4udebereich"},"content":{"rendered":"<p>Das Bundeskabinett hat am 9. August 2023 den Entwurf des Wirtschaftsplans 2024 f\u00fcr den Klima- und Transformationsfonds (KTF) sowie den Finanzplan bis 2027 beschlossen. Zur Unterst\u00fctzung der kommunalen W\u00e4rmeplanung werden aus dem KTF insgesamt 500 Millionen Euro bereitgestellt. Dar\u00fcber hinaus stehen im kommenden Jahr knapp 19 Milliarden Euro f\u00fcr Sanierung und Neubau im Geb\u00e4udebereich zur Verf\u00fcgung. Mit weiteren 70 Millionen Euro f\u00f6rdert die Bundesregierung die energetische Stadtsanierung. Zudem soll mit dem Beschluss die Sanierung von Schwimmb\u00e4dern und anderen kommunalen Einrichtungen f\u00fcr Sport, Jugend und Kultur fortgesetzt werden. Und es ist vorgesehen, urbane R\u00e4ume bei deren Anpassung z. B. an Starkwetterereignisse und den Klimawandel zu unterst\u00fctzen.<\/p>\n<p>\u201eWichtige Impulse f\u00fcr die Baubranche k\u00f6nnen mit den 19 Milliarden BEG-F\u00f6rderung allein im n\u00e4chsten Jahr gesetzt werden. Die Finanzierung \u00fcber den KTF hat das notwendige Volumen, um flexibel unsere Sanierungs- und Neubauprogramme zu finanzieren.\u201c Klara Geywitz, Bundesministerin f\u00fcr Wohnen, Stadtentwicklung und Bauwesen. Die Bundesregierung will mit dem Beschluss Investitionen in die Dekarbonisierung in Deutschland b\u00fcndeln. Der KTF werde in den kommenden Jahren \u201eweiterhin einen zentralen Beitrag zur Erreichung der energie- und klimapolitischen Ziele der Bundesregierung leisten\u201c. F\u00f6rderschwerpunkte sind dabei die energetische Geb\u00e4udesanierung, die Dekarbonisierung der Industrie sowie der Ausbau der erneuerbaren Energien, der Elektromobilit\u00e4t und der Ladeinfrastruktur. Au\u00dferdem soll \u00fcber den KTF die Wasserstoffwirtschaft und der Halbleiterstandort gef\u00f6rdert werden.<\/p>\n<p>Das Bundesfinanzministerium spricht von insgesamt rund 211,8 Milliarden Euro f\u00fcr die Jahre 2024 bis 2027 zur F\u00f6rderung von Investitionen und Ma\u00dfnahmen, \u201edie der Erreichung der Klimaschutzziele nach dem Bundes-Klimaschutzgesetz dienen und geeignet sind, die Transformation Deutschlands zur Klimaneutralit\u00e4t voranzutreiben\u201c.<\/p>\n<p>Der F\u00f6rderschwerpunkt liegt auf dem Geb\u00e4udebereich (Sanierung und Neubau) mit rund 18,9 Milliarden Euro. F\u00fcr die EEG-F\u00f6rderung sind im Jahr 2024 12,6 Milliarden Euro eingeplant. Die Weiterentwicklung der Elektromobilit\u00e4t inklusive des Ausbaus der Ladeinfrastruktur soll mit rund 4,7 Milliarden Euro gef\u00f6rdert werden. Dar\u00fcber hinaus sind 4 Milliarden Euro f\u00fcr Investitionen in die Eisenbahninfrastruktur im Jahr 2024 vorgesehen. Zur F\u00f6rderung der Halbleiterproduktion stehen im Jahr 2024 rund 4 Milliarden Euro und f\u00fcr den Aufbau der Wasserstoffindustrie insgesamt rund 3,8 Milliarden Euro zur Verf\u00fcgung. Des Weiteren sind Entlastungen f\u00fcr besonders energieintensive Unternehmen in H\u00f6he von rund 2,6 Milliarden Euro veranschlagt (Strompreiskompensation).<\/p>\n<p>Der KTF finanziert sich im Jahr 2024 laut den Angaben der Bundesregierung aus eigenen Einnahmen aus dem europ\u00e4ischen und dem nationalen Emissionshandel in H\u00f6he von rund 19,1 Milliarden Euro. Zudem ist eine Globale Mehreinnahme in H\u00f6he von 9,3 Milliarden Euro vorgesehen. Dar\u00fcber hinaus steht dem Sonderverm\u00f6gen eine R\u00fccklage zur Verf\u00fcgung, die sich Anfang 2024 im Soll auf rund 70,7 Milliarden Euro belaufen wird. Eine Bundeszuweisung an das Sonderverm\u00f6gen ist laut Finanzministerium weiterhin nicht vorgesehen.<\/p>\n<p>&nbsp;<\/p>\n<p><em>Bundesingenieurkammer<\/em><\/p>\n<p>&nbsp;<\/p>\n<h6><span style=\"color: #808080;\">Foto: &lt;a href=&#8220;https:\/\/de.freepik.com\/fotos-kostenlos\/gebaeude_1243302.htm#query=geb%C3%A4udebereich&amp;position=23&amp;from_view=search&amp;track=ais&#8220;&gt;Bild von evening_tao&lt;\/a&gt; auf Freepik<\/span><\/h6>\n<p>&nbsp;<\/p>\n<p>&nbsp;<\/p>\n","protected":false},"excerpt":{"rendered":"<p>Das Bundeskabinett hat am 9. August 2023 den Entwurf des Wirtschaftsplans 2024 f\u00fcr den Klima- und Transformationsfonds (KTF) sowie den Finanzplan bis 2027 beschlossen. Zur Unterst\u00fctzung der kommunalen W\u00e4rmeplanung werden&hellip;<\/p>\n","protected":false},"author":7,"featured_media":5732,"comment_status":"closed","ping_status":"closed","sticky":false,"template":"","format":"standard","meta":{"_acf_changed":false,"footnotes":""},"categories":[313,80,76],"tags":[],"class_list":{"0":"post-5730","1":"post","2":"type-post","3":"status-publish","4":"format-standard","5":"has-post-thumbnail","6":"hentry","7":"category-313","8":"category-bingk","9":"category-news","11":"category-80","12":"category-76","13":"description-off"},"acf":[],"yoast_head":"<!-- This site is optimized with the Yoast SEO plugin v26.4 - https:\/\/yoast.com\/wordpress\/plugins\/seo\/ -->\n<title>KTF: 19 Milliarden f\u00fcr Geb\u00e4udebereich - Ingenieurkammer Th\u00fcringen<\/title>\n<meta name=\"description\" content=\"0\" \/>\n<meta name=\"robots\" content=\"index, follow, max-snippet:-1, max-image-preview:large, max-video-preview:-1\" \/>\n<link rel=\"canonical\" href=\"https:\/\/ikth.de\/startseite\/ktf-19-milliarden-fuer-gebaeudebereich\/\" \/>\n<meta property=\"og:locale\" content=\"de_DE\" \/>\n<meta property=\"og:type\" content=\"article\" \/>\n<meta property=\"og:title\" content=\"KTF: 19 Milliarden f\u00fcr Geb\u00e4udebereich - Ingenieurkammer Th\u00fcringen\" \/>\n<meta property=\"og:description\" content=\"Das Bundeskabinett hat am 9. August 2023 den Entwurf des Wirtschaftsplans 2024 f\u00fcr den Klima- und Transformationsfonds (KTF) sowie den Finanzplan bis 2027 beschlossen. Zur Unterst\u00fctzung der kommunalen W\u00e4rmeplanung werden&hellip;\" \/>\n<meta property=\"og:url\" content=\"https:\/\/ikth.de\/startseite\/ktf-19-milliarden-fuer-gebaeudebereich\/\" \/>\n<meta property=\"og:site_name\" content=\"Ingenieurkammer Th\u00fcringen\" \/>\n<meta property=\"article:published_time\" content=\"2023-09-20T10:09:04+00:00\" \/>\n<meta property=\"article:modified_time\" content=\"2023-11-08T11:59:06+00:00\" \/>\n<meta property=\"og:image\" content=\"https:\/\/ikth.de\/wp-content\/uploads\/2023\/08\/gebaeude-scaled-e1697797303824.jpg\" \/>\n\t<meta property=\"og:image:width\" content=\"1250\" \/>\n\t<meta property=\"og:image:height\" content=\"833\" \/>\n\t<meta property=\"og:image:type\" content=\"image\/jpeg\" \/>\n<meta name=\"author\" content=\"FranziskaHartung\" \/>\n<meta name=\"twitter:card\" content=\"summary_large_image\" \/>\n<meta name=\"twitter:label1\" content=\"Verfasst von\" \/>\n\t<meta name=\"twitter:data1\" content=\"FranziskaHartung\" \/>\n\t<meta name=\"twitter:label2\" content=\"Gesch\u00e4tzte Lesezeit\" \/>\n\t<meta name=\"twitter:data2\" content=\"3\u00a0Minuten\" \/>\n<script type=\"application\/ld+json\" class=\"yoast-schema-graph\">{\"@context\":\"https:\/\/schema.org\",\"@graph\":[{\"@type\":\"WebPage\",\"@id\":\"https:\/\/ikth.de\/startseite\/ktf-19-milliarden-fuer-gebaeudebereich\/\",\"url\":\"https:\/\/ikth.de\/startseite\/ktf-19-milliarden-fuer-gebaeudebereich\/\",\"name\":\"KTF: 19 Milliarden f\u00fcr Geb\u00e4udebereich - Ingenieurkammer Th\u00fcringen\",\"isPartOf\":{\"@id\":\"https:\/\/ikth.de\/startseite\/#website\"},\"primaryImageOfPage\":{\"@id\":\"https:\/\/ikth.de\/startseite\/ktf-19-milliarden-fuer-gebaeudebereich\/#primaryimage\"},\"image\":{\"@id\":\"https:\/\/ikth.de\/startseite\/ktf-19-milliarden-fuer-gebaeudebereich\/#primaryimage\"},\"thumbnailUrl\":\"https:\/\/ikth.de\/wp-content\/uploads\/2023\/08\/gebaeude-scaled-e1697797303824.jpg\",\"datePublished\":\"2023-09-20T10:09:04+00:00\",\"dateModified\":\"2023-11-08T11:59:06+00:00\",\"author\":{\"@id\":\"https:\/\/ikth.de\/startseite\/#\/schema\/person\/526a94beb97b2da25e3be97837f9b3a2\"},\"breadcrumb\":{\"@id\":\"https:\/\/ikth.de\/startseite\/ktf-19-milliarden-fuer-gebaeudebereich\/#breadcrumb\"},\"inLanguage\":\"de\",\"potentialAction\":[{\"@type\":\"ReadAction\",\"target\":[\"https:\/\/ikth.de\/startseite\/ktf-19-milliarden-fuer-gebaeudebereich\/\"]}]},{\"@type\":\"ImageObject\",\"inLanguage\":\"de\",\"@id\":\"https:\/\/ikth.de\/startseite\/ktf-19-milliarden-fuer-gebaeudebereich\/#primaryimage\",\"url\":\"https:\/\/ikth.de\/wp-content\/uploads\/2023\/08\/gebaeude-scaled-e1697797303824.jpg\",\"contentUrl\":\"https:\/\/ikth.de\/wp-content\/uploads\/2023\/08\/gebaeude-scaled-e1697797303824.jpg\",\"width\":1250,\"height\":833,\"caption\":\"Building\"},{\"@type\":\"BreadcrumbList\",\"@id\":\"https:\/\/ikth.de\/startseite\/ktf-19-milliarden-fuer-gebaeudebereich\/#breadcrumb\",\"itemListElement\":[{\"@type\":\"ListItem\",\"position\":1,\"name\":\"Startseite\",\"item\":\"https:\/\/ikth.de\/startseite\/\"},{\"@type\":\"ListItem\",\"position\":2,\"name\":\"KTF: 19 Milliarden f\u00fcr Geb\u00e4udebereich\"}]},{\"@type\":\"WebSite\",\"@id\":\"https:\/\/ikth.de\/startseite\/#website\",\"url\":\"https:\/\/ikth.de\/startseite\/\",\"name\":\"Ingenieurkammer Th\u00fcringen\",\"description\":\"\",\"potentialAction\":[{\"@type\":\"SearchAction\",\"target\":{\"@type\":\"EntryPoint\",\"urlTemplate\":\"https:\/\/ikth.de\/startseite\/?s={search_term_string}\"},\"query-input\":{\"@type\":\"PropertyValueSpecification\",\"valueRequired\":true,\"valueName\":\"search_term_string\"}}],\"inLanguage\":\"de\"},{\"@type\":\"Person\",\"@id\":\"https:\/\/ikth.de\/startseite\/#\/schema\/person\/526a94beb97b2da25e3be97837f9b3a2\",\"name\":\"FranziskaHartung\",\"image\":{\"@type\":\"ImageObject\",\"inLanguage\":\"de\",\"@id\":\"https:\/\/ikth.de\/startseite\/#\/schema\/person\/image\/\",\"url\":\"https:\/\/secure.gravatar.com\/avatar\/4e97a183a1ea9dc3ae27f4653e8b2df4ab4b9221e3e46e25bb1c8490c63d9e3b?s=96&d=mm&r=g\",\"contentUrl\":\"https:\/\/secure.gravatar.com\/avatar\/4e97a183a1ea9dc3ae27f4653e8b2df4ab4b9221e3e46e25bb1c8490c63d9e3b?s=96&d=mm&r=g\",\"caption\":\"FranziskaHartung\"},\"url\":\"https:\/\/ikth.de\/startseite\/author\/franziskahartung\/\"}]}<\/script>\n<!-- \/ Yoast SEO plugin. -->","yoast_head_json":{"title":"KTF: 19 Milliarden f\u00fcr Geb\u00e4udebereich - Ingenieurkammer Th\u00fcringen","robots":{"index":"index","follow":"follow","max-snippet":"max-snippet:-1","max-image-preview":"max-image-preview:large","max-video-preview":"max-video-preview:-1"},"canonical":"https:\/\/ikth.de\/startseite\/ktf-19-milliarden-fuer-gebaeudebereich\/","og_locale":"de_DE","og_type":"article","og_title":"KTF: 19 Milliarden f\u00fcr Geb\u00e4udebereich - Ingenieurkammer Th\u00fcringen","og_description":"Das Bundeskabinett hat am 9. August 2023 den Entwurf des Wirtschaftsplans 2024 f\u00fcr den Klima- und Transformationsfonds (KTF) sowie den Finanzplan bis 2027 beschlossen. Zur Unterst\u00fctzung der kommunalen W\u00e4rmeplanung werden&hellip;","og_url":"https:\/\/ikth.de\/startseite\/ktf-19-milliarden-fuer-gebaeudebereich\/","og_site_name":"Ingenieurkammer Th\u00fcringen","article_published_time":"2023-09-20T10:09:04+00:00","article_modified_time":"2023-11-08T11:59:06+00:00","og_image":[{"width":1250,"height":833,"url":"https:\/\/ikth.de\/wp-content\/uploads\/2023\/08\/gebaeude-scaled-e1697797303824.jpg","type":"image\/jpeg"}],"author":"FranziskaHartung","twitter_card":"summary_large_image","twitter_misc":{"Verfasst von":"FranziskaHartung","Gesch\u00e4tzte Lesezeit":"3\u00a0Minuten"},"schema":{"@context":"https:\/\/schema.org","@graph":[{"@type":"WebPage","@id":"https:\/\/ikth.de\/startseite\/ktf-19-milliarden-fuer-gebaeudebereich\/","url":"https:\/\/ikth.de\/startseite\/ktf-19-milliarden-fuer-gebaeudebereich\/","name":"KTF: 19 Milliarden f\u00fcr Geb\u00e4udebereich - Ingenieurkammer Th\u00fcringen","isPartOf":{"@id":"https:\/\/ikth.de\/startseite\/#website"},"primaryImageOfPage":{"@id":"https:\/\/ikth.de\/startseite\/ktf-19-milliarden-fuer-gebaeudebereich\/#primaryimage"},"image":{"@id":"https:\/\/ikth.de\/startseite\/ktf-19-milliarden-fuer-gebaeudebereich\/#primaryimage"},"thumbnailUrl":"https:\/\/ikth.de\/wp-content\/uploads\/2023\/08\/gebaeude-scaled-e1697797303824.jpg","datePublished":"2023-09-20T10:09:04+00:00","dateModified":"2023-11-08T11:59:06+00:00","author":{"@id":"https:\/\/ikth.de\/startseite\/#\/schema\/person\/526a94beb97b2da25e3be97837f9b3a2"},"breadcrumb":{"@id":"https:\/\/ikth.de\/startseite\/ktf-19-milliarden-fuer-gebaeudebereich\/#breadcrumb"},"inLanguage":"de","potentialAction":[{"@type":"ReadAction","target":["https:\/\/ikth.de\/startseite\/ktf-19-milliarden-fuer-gebaeudebereich\/"]}]},{"@type":"ImageObject","inLanguage":"de","@id":"https:\/\/ikth.de\/startseite\/ktf-19-milliarden-fuer-gebaeudebereich\/#primaryimage","url":"https:\/\/ikth.de\/wp-content\/uploads\/2023\/08\/gebaeude-scaled-e1697797303824.jpg","contentUrl":"https:\/\/ikth.de\/wp-content\/uploads\/2023\/08\/gebaeude-scaled-e1697797303824.jpg","width":1250,"height":833,"caption":"Building"},{"@type":"BreadcrumbList","@id":"https:\/\/ikth.de\/startseite\/ktf-19-milliarden-fuer-gebaeudebereich\/#breadcrumb","itemListElement":[{"@type":"ListItem","position":1,"name":"Startseite","item":"https:\/\/ikth.de\/startseite\/"},{"@type":"ListItem","position":2,"name":"KTF: 19 Milliarden f\u00fcr Geb\u00e4udebereich"}]},{"@type":"WebSite","@id":"https:\/\/ikth.de\/startseite\/#website","url":"https:\/\/ikth.de\/startseite\/","name":"Ingenieurkammer Th\u00fcringen","description":"","potentialAction":[{"@type":"SearchAction","target":{"@type":"EntryPoint","urlTemplate":"https:\/\/ikth.de\/startseite\/?s={search_term_string}"},"query-input":{"@type":"PropertyValueSpecification","valueRequired":true,"valueName":"search_term_string"}}],"inLanguage":"de"},{"@type":"Person","@id":"https:\/\/ikth.de\/startseite\/#\/schema\/person\/526a94beb97b2da25e3be97837f9b3a2","name":"FranziskaHartung","image":{"@type":"ImageObject","inLanguage":"de","@id":"https:\/\/ikth.de\/startseite\/#\/schema\/person\/image\/","url":"https:\/\/secure.gravatar.com\/avatar\/4e97a183a1ea9dc3ae27f4653e8b2df4ab4b9221e3e46e25bb1c8490c63d9e3b?s=96&d=mm&r=g","contentUrl":"https:\/\/secure.gravatar.com\/avatar\/4e97a183a1ea9dc3ae27f4653e8b2df4ab4b9221e3e46e25bb1c8490c63d9e3b?s=96&d=mm&r=g","caption":"FranziskaHartung"},"url":"https:\/\/ikth.de\/startseite\/author\/franziskahartung\/"}]}},"_links":{"self":[{"href":"https:\/\/ikth.de\/startseite\/wp-json\/wp\/v2\/posts\/5730","targetHints":{"allow":["GET"]}}],"collection":[{"href":"https:\/\/ikth.de\/startseite\/wp-json\/wp\/v2\/posts"}],"about":[{"href":"https:\/\/ikth.de\/startseite\/wp-json\/wp\/v2\/types\/post"}],"author":[{"embeddable":true,"href":"https:\/\/ikth.de\/startseite\/wp-json\/wp\/v2\/users\/7"}],"replies":[{"embeddable":true,"href":"https:\/\/ikth.de\/startseite\/wp-json\/wp\/v2\/comments?post=5730"}],"version-history":[{"count":4,"href":"https:\/\/ikth.de\/startseite\/wp-json\/wp\/v2\/posts\/5730\/revisions"}],"predecessor-version":[{"id":5824,"href":"https:\/\/ikth.de\/startseite\/wp-json\/wp\/v2\/posts\/5730\/revisions\/5824"}],"wp:featuredmedia":[{"embeddable":true,"href":"https:\/\/ikth.de\/startseite\/wp-json\/wp\/v2\/media\/5732"}],"wp:attachment":[{"href":"https:\/\/ikth.de\/startseite\/wp-json\/wp\/v2\/media?parent=5730"}],"wp:term":[{"taxonomy":"category","embeddable":true,"href":"https:\/\/ikth.de\/startseite\/wp-json\/wp\/v2\/categories?post=5730"},{"taxonomy":"post_tag","embeddable":true,"href":"https:\/\/ikth.de\/startseite\/wp-json\/wp\/v2\/tags?post=5730"}],"curies":[{"name":"wp","href":"https:\/\/api.w.org\/{rel}","templated":true}]}}