{"id":5513,"date":"2023-07-26T12:51:08","date_gmt":"2023-07-26T10:51:08","guid":{"rendered":"https:\/\/ikth.de\/startseite\/?p=5513"},"modified":"2023-07-26T12:52:37","modified_gmt":"2023-07-26T10:52:37","slug":"jahresveranstaltung-der-buildingsmart-regionalgruppe-thueringen","status":"publish","type":"post","link":"https:\/\/ikth.de\/startseite\/jahresveranstaltung-der-buildingsmart-regionalgruppe-thueringen\/","title":{"rendered":"Jahresveranstaltung der buildingSMART-Regionalgruppe Th\u00fcringen"},"content":{"rendered":"<dl>\n<dt>Die buildingSMART-Regionalgruppe Th\u00fcringen l\u00e4dt alle interessierten G\u00e4ste und Mitglieder zu ihrer Jahresveranstaltung am 28. September 2023 von 13:00 bis 16:30 Uhr nach Erfurt ein.Es erwarten Sie spannende Impulsvortr\u00e4ge zum Thema BIM und die Gelegenheit mit Expertinnen und Experten ins Gespr\u00e4ch zu kommen. Die Regionalgruppe freut sich \u00fcber einen spannenden Austausch mit bekannten und neuen Gesichtern.<\/dt>\n<\/dl>\n<p>&nbsp;<\/p>\n<dl>\n<dt>\n<h3>F\u00fcr Mitglieder der Ingenieurkammer Th\u00fcringen ist die Veranstaltung mit 4 Fortbildungsstunden anerkannt.<\/h3>\n<p>&nbsp;<\/dt>\n<\/dl>\n<div class=\"copy\">\n<p>Die Teilnahme an der Veranstaltung ist kostenfrei, eine Anmeldung aber unbedingt erforderlich.<\/p>\n<p><a href=\"https:\/\/eveeno.com\/28-09-2023\">Zur Veranstaltung<\/a><\/p>\n<h6><span style=\"color: #999999;\">Bild:Bild von &lt;a href=&#8220;https:\/\/de.freepik.com\/fotos-kostenlos\/reflexion-von-geschaeftsleuten-die-vor-seinem-kollegen-in-der-sitzung-stehen_3317841.htm#query=veranstaltung%20bim&amp;position=13&amp;from_view=search&amp;track=ais&#8220;&gt;Freepik&lt;\/a&gt;<\/span><\/h6>\n<\/div>\n","protected":false},"excerpt":{"rendered":"<p>Die buildingSMART-Regionalgruppe Th\u00fcringen l\u00e4dt alle interessierten G\u00e4ste und Mitglieder zu ihrer Jahresveranstaltung am 28. September 2023 von 13:00 bis 16:30 Uhr nach Erfurt ein.Es erwarten Sie spannende Impulsvortr\u00e4ge zum Thema&hellip;<\/p>\n","protected":false},"author":7,"featured_media":5514,"comment_status":"closed","ping_status":"closed","sticky":false,"template":"","format":"standard","meta":{"_acf_changed":false,"footnotes":""},"categories":[313,76],"tags":[],"class_list":{"0":"post-5513","1":"post","2":"type-post","3":"status-publish","4":"format-standard","5":"has-post-thumbnail","6":"hentry","7":"category-313","8":"category-news","10":"category-76","11":"description-off"},"acf":[],"yoast_head":"<!-- This site is optimized with the Yoast SEO plugin v26.4 - https:\/\/yoast.com\/wordpress\/plugins\/seo\/ -->\n<title>Jahresveranstaltung der buildingSMART-Regionalgruppe Th\u00fcringen - Ingenieurkammer Th\u00fcringen<\/title>\n<meta name=\"description\" content=\"0\" \/>\n<meta name=\"robots\" content=\"index, follow, max-snippet:-1, max-image-preview:large, max-video-preview:-1\" \/>\n<link rel=\"canonical\" href=\"https:\/\/ikth.de\/startseite\/jahresveranstaltung-der-buildingsmart-regionalgruppe-thueringen\/\" \/>\n<meta property=\"og:locale\" content=\"de_DE\" \/>\n<meta property=\"og:type\" content=\"article\" \/>\n<meta property=\"og:title\" content=\"Jahresveranstaltung der buildingSMART-Regionalgruppe Th\u00fcringen - Ingenieurkammer Th\u00fcringen\" \/>\n<meta property=\"og:description\" content=\"Die buildingSMART-Regionalgruppe Th\u00fcringen l\u00e4dt alle interessierten G\u00e4ste und Mitglieder zu ihrer Jahresveranstaltung am 28. September 2023 von 13:00 bis 16:30 Uhr nach Erfurt ein.Es erwarten Sie spannende Impulsvortr\u00e4ge zum Thema&hellip;\" \/>\n<meta property=\"og:url\" content=\"https:\/\/ikth.de\/startseite\/jahresveranstaltung-der-buildingsmart-regionalgruppe-thueringen\/\" \/>\n<meta property=\"og:site_name\" content=\"Ingenieurkammer Th\u00fcringen\" \/>\n<meta property=\"article:published_time\" content=\"2023-07-26T10:51:08+00:00\" \/>\n<meta property=\"article:modified_time\" content=\"2023-07-26T10:52:37+00:00\" \/>\n<meta property=\"og:image\" content=\"https:\/\/ikth.de\/wp-content\/uploads\/2023\/07\/reflexion-von-geschaeftsleuten-die-vor-seinem-kollegen-in-der-sitzung-stehen-scaled-e1690368629724.jpg\" \/>\n\t<meta property=\"og:image:width\" content=\"1250\" \/>\n\t<meta property=\"og:image:height\" content=\"800\" \/>\n\t<meta property=\"og:image:type\" content=\"image\/jpeg\" \/>\n<meta name=\"author\" content=\"FranziskaHartung\" \/>\n<meta name=\"twitter:card\" content=\"summary_large_image\" \/>\n<meta name=\"twitter:label1\" content=\"Verfasst von\" \/>\n\t<meta name=\"twitter:data1\" content=\"FranziskaHartung\" \/>\n\t<meta name=\"twitter:label2\" content=\"Gesch\u00e4tzte Lesezeit\" \/>\n\t<meta name=\"twitter:data2\" content=\"1\u00a0Minute\" \/>\n<script type=\"application\/ld+json\" class=\"yoast-schema-graph\">{\"@context\":\"https:\/\/schema.org\",\"@graph\":[{\"@type\":\"WebPage\",\"@id\":\"https:\/\/ikth.de\/startseite\/jahresveranstaltung-der-buildingsmart-regionalgruppe-thueringen\/\",\"url\":\"https:\/\/ikth.de\/startseite\/jahresveranstaltung-der-buildingsmart-regionalgruppe-thueringen\/\",\"name\":\"Jahresveranstaltung der buildingSMART-Regionalgruppe Th\u00fcringen - Ingenieurkammer Th\u00fcringen\",\"isPartOf\":{\"@id\":\"https:\/\/ikth.de\/startseite\/#website\"},\"primaryImageOfPage\":{\"@id\":\"https:\/\/ikth.de\/startseite\/jahresveranstaltung-der-buildingsmart-regionalgruppe-thueringen\/#primaryimage\"},\"image\":{\"@id\":\"https:\/\/ikth.de\/startseite\/jahresveranstaltung-der-buildingsmart-regionalgruppe-thueringen\/#primaryimage\"},\"thumbnailUrl\":\"https:\/\/ikth.de\/wp-content\/uploads\/2023\/07\/reflexion-von-geschaeftsleuten-die-vor-seinem-kollegen-in-der-sitzung-stehen-scaled-e1690368629724.jpg\",\"datePublished\":\"2023-07-26T10:51:08+00:00\",\"dateModified\":\"2023-07-26T10:52:37+00:00\",\"author\":{\"@id\":\"https:\/\/ikth.de\/startseite\/#\/schema\/person\/526a94beb97b2da25e3be97837f9b3a2\"},\"breadcrumb\":{\"@id\":\"https:\/\/ikth.de\/startseite\/jahresveranstaltung-der-buildingsmart-regionalgruppe-thueringen\/#breadcrumb\"},\"inLanguage\":\"de\",\"potentialAction\":[{\"@type\":\"ReadAction\",\"target\":[\"https:\/\/ikth.de\/startseite\/jahresveranstaltung-der-buildingsmart-regionalgruppe-thueringen\/\"]}]},{\"@type\":\"ImageObject\",\"inLanguage\":\"de\",\"@id\":\"https:\/\/ikth.de\/startseite\/jahresveranstaltung-der-buildingsmart-regionalgruppe-thueringen\/#primaryimage\",\"url\":\"https:\/\/ikth.de\/wp-content\/uploads\/2023\/07\/reflexion-von-geschaeftsleuten-die-vor-seinem-kollegen-in-der-sitzung-stehen-scaled-e1690368629724.jpg\",\"contentUrl\":\"https:\/\/ikth.de\/wp-content\/uploads\/2023\/07\/reflexion-von-geschaeftsleuten-die-vor-seinem-kollegen-in-der-sitzung-stehen-scaled-e1690368629724.jpg\",\"width\":1250,\"height\":800,\"caption\":\"reflexion-von-geschaeftsleuten-die-vor-seinem-kollegen-in-der-sitzung-stehen\"},{\"@type\":\"BreadcrumbList\",\"@id\":\"https:\/\/ikth.de\/startseite\/jahresveranstaltung-der-buildingsmart-regionalgruppe-thueringen\/#breadcrumb\",\"itemListElement\":[{\"@type\":\"ListItem\",\"position\":1,\"name\":\"Startseite\",\"item\":\"https:\/\/ikth.de\/startseite\/\"},{\"@type\":\"ListItem\",\"position\":2,\"name\":\"Jahresveranstaltung der buildingSMART-Regionalgruppe Th\u00fcringen\"}]},{\"@type\":\"WebSite\",\"@id\":\"https:\/\/ikth.de\/startseite\/#website\",\"url\":\"https:\/\/ikth.de\/startseite\/\",\"name\":\"Ingenieurkammer Th\u00fcringen\",\"description\":\"\",\"potentialAction\":[{\"@type\":\"SearchAction\",\"target\":{\"@type\":\"EntryPoint\",\"urlTemplate\":\"https:\/\/ikth.de\/startseite\/?s={search_term_string}\"},\"query-input\":{\"@type\":\"PropertyValueSpecification\",\"valueRequired\":true,\"valueName\":\"search_term_string\"}}],\"inLanguage\":\"de\"},{\"@type\":\"Person\",\"@id\":\"https:\/\/ikth.de\/startseite\/#\/schema\/person\/526a94beb97b2da25e3be97837f9b3a2\",\"name\":\"FranziskaHartung\",\"image\":{\"@type\":\"ImageObject\",\"inLanguage\":\"de\",\"@id\":\"https:\/\/ikth.de\/startseite\/#\/schema\/person\/image\/\",\"url\":\"https:\/\/secure.gravatar.com\/avatar\/4e97a183a1ea9dc3ae27f4653e8b2df4ab4b9221e3e46e25bb1c8490c63d9e3b?s=96&d=mm&r=g\",\"contentUrl\":\"https:\/\/secure.gravatar.com\/avatar\/4e97a183a1ea9dc3ae27f4653e8b2df4ab4b9221e3e46e25bb1c8490c63d9e3b?s=96&d=mm&r=g\",\"caption\":\"FranziskaHartung\"},\"url\":\"https:\/\/ikth.de\/startseite\/author\/franziskahartung\/\"}]}<\/script>\n<!-- \/ Yoast SEO plugin. -->","yoast_head_json":{"title":"Jahresveranstaltung der buildingSMART-Regionalgruppe Th\u00fcringen - Ingenieurkammer Th\u00fcringen","robots":{"index":"index","follow":"follow","max-snippet":"max-snippet:-1","max-image-preview":"max-image-preview:large","max-video-preview":"max-video-preview:-1"},"canonical":"https:\/\/ikth.de\/startseite\/jahresveranstaltung-der-buildingsmart-regionalgruppe-thueringen\/","og_locale":"de_DE","og_type":"article","og_title":"Jahresveranstaltung der buildingSMART-Regionalgruppe Th\u00fcringen - Ingenieurkammer Th\u00fcringen","og_description":"Die buildingSMART-Regionalgruppe Th\u00fcringen l\u00e4dt alle interessierten G\u00e4ste und Mitglieder zu ihrer Jahresveranstaltung am 28. September 2023 von 13:00 bis 16:30 Uhr nach Erfurt ein.Es erwarten Sie spannende Impulsvortr\u00e4ge zum Thema&hellip;","og_url":"https:\/\/ikth.de\/startseite\/jahresveranstaltung-der-buildingsmart-regionalgruppe-thueringen\/","og_site_name":"Ingenieurkammer Th\u00fcringen","article_published_time":"2023-07-26T10:51:08+00:00","article_modified_time":"2023-07-26T10:52:37+00:00","og_image":[{"width":1250,"height":800,"url":"https:\/\/ikth.de\/wp-content\/uploads\/2023\/07\/reflexion-von-geschaeftsleuten-die-vor-seinem-kollegen-in-der-sitzung-stehen-scaled-e1690368629724.jpg","type":"image\/jpeg"}],"author":"FranziskaHartung","twitter_card":"summary_large_image","twitter_misc":{"Verfasst von":"FranziskaHartung","Gesch\u00e4tzte Lesezeit":"1\u00a0Minute"},"schema":{"@context":"https:\/\/schema.org","@graph":[{"@type":"WebPage","@id":"https:\/\/ikth.de\/startseite\/jahresveranstaltung-der-buildingsmart-regionalgruppe-thueringen\/","url":"https:\/\/ikth.de\/startseite\/jahresveranstaltung-der-buildingsmart-regionalgruppe-thueringen\/","name":"Jahresveranstaltung der buildingSMART-Regionalgruppe Th\u00fcringen - Ingenieurkammer Th\u00fcringen","isPartOf":{"@id":"https:\/\/ikth.de\/startseite\/#website"},"primaryImageOfPage":{"@id":"https:\/\/ikth.de\/startseite\/jahresveranstaltung-der-buildingsmart-regionalgruppe-thueringen\/#primaryimage"},"image":{"@id":"https:\/\/ikth.de\/startseite\/jahresveranstaltung-der-buildingsmart-regionalgruppe-thueringen\/#primaryimage"},"thumbnailUrl":"https:\/\/ikth.de\/wp-content\/uploads\/2023\/07\/reflexion-von-geschaeftsleuten-die-vor-seinem-kollegen-in-der-sitzung-stehen-scaled-e1690368629724.jpg","datePublished":"2023-07-26T10:51:08+00:00","dateModified":"2023-07-26T10:52:37+00:00","author":{"@id":"https:\/\/ikth.de\/startseite\/#\/schema\/person\/526a94beb97b2da25e3be97837f9b3a2"},"breadcrumb":{"@id":"https:\/\/ikth.de\/startseite\/jahresveranstaltung-der-buildingsmart-regionalgruppe-thueringen\/#breadcrumb"},"inLanguage":"de","potentialAction":[{"@type":"ReadAction","target":["https:\/\/ikth.de\/startseite\/jahresveranstaltung-der-buildingsmart-regionalgruppe-thueringen\/"]}]},{"@type":"ImageObject","inLanguage":"de","@id":"https:\/\/ikth.de\/startseite\/jahresveranstaltung-der-buildingsmart-regionalgruppe-thueringen\/#primaryimage","url":"https:\/\/ikth.de\/wp-content\/uploads\/2023\/07\/reflexion-von-geschaeftsleuten-die-vor-seinem-kollegen-in-der-sitzung-stehen-scaled-e1690368629724.jpg","contentUrl":"https:\/\/ikth.de\/wp-content\/uploads\/2023\/07\/reflexion-von-geschaeftsleuten-die-vor-seinem-kollegen-in-der-sitzung-stehen-scaled-e1690368629724.jpg","width":1250,"height":800,"caption":"reflexion-von-geschaeftsleuten-die-vor-seinem-kollegen-in-der-sitzung-stehen"},{"@type":"BreadcrumbList","@id":"https:\/\/ikth.de\/startseite\/jahresveranstaltung-der-buildingsmart-regionalgruppe-thueringen\/#breadcrumb","itemListElement":[{"@type":"ListItem","position":1,"name":"Startseite","item":"https:\/\/ikth.de\/startseite\/"},{"@type":"ListItem","position":2,"name":"Jahresveranstaltung der buildingSMART-Regionalgruppe Th\u00fcringen"}]},{"@type":"WebSite","@id":"https:\/\/ikth.de\/startseite\/#website","url":"https:\/\/ikth.de\/startseite\/","name":"Ingenieurkammer Th\u00fcringen","description":"","potentialAction":[{"@type":"SearchAction","target":{"@type":"EntryPoint","urlTemplate":"https:\/\/ikth.de\/startseite\/?s={search_term_string}"},"query-input":{"@type":"PropertyValueSpecification","valueRequired":true,"valueName":"search_term_string"}}],"inLanguage":"de"},{"@type":"Person","@id":"https:\/\/ikth.de\/startseite\/#\/schema\/person\/526a94beb97b2da25e3be97837f9b3a2","name":"FranziskaHartung","image":{"@type":"ImageObject","inLanguage":"de","@id":"https:\/\/ikth.de\/startseite\/#\/schema\/person\/image\/","url":"https:\/\/secure.gravatar.com\/avatar\/4e97a183a1ea9dc3ae27f4653e8b2df4ab4b9221e3e46e25bb1c8490c63d9e3b?s=96&d=mm&r=g","contentUrl":"https:\/\/secure.gravatar.com\/avatar\/4e97a183a1ea9dc3ae27f4653e8b2df4ab4b9221e3e46e25bb1c8490c63d9e3b?s=96&d=mm&r=g","caption":"FranziskaHartung"},"url":"https:\/\/ikth.de\/startseite\/author\/franziskahartung\/"}]}},"_links":{"self":[{"href":"https:\/\/ikth.de\/startseite\/wp-json\/wp\/v2\/posts\/5513","targetHints":{"allow":["GET"]}}],"collection":[{"href":"https:\/\/ikth.de\/startseite\/wp-json\/wp\/v2\/posts"}],"about":[{"href":"https:\/\/ikth.de\/startseite\/wp-json\/wp\/v2\/types\/post"}],"author":[{"embeddable":true,"href":"https:\/\/ikth.de\/startseite\/wp-json\/wp\/v2\/users\/7"}],"replies":[{"embeddable":true,"href":"https:\/\/ikth.de\/startseite\/wp-json\/wp\/v2\/comments?post=5513"}],"version-history":[{"count":3,"href":"https:\/\/ikth.de\/startseite\/wp-json\/wp\/v2\/posts\/5513\/revisions"}],"predecessor-version":[{"id":5517,"href":"https:\/\/ikth.de\/startseite\/wp-json\/wp\/v2\/posts\/5513\/revisions\/5517"}],"wp:featuredmedia":[{"embeddable":true,"href":"https:\/\/ikth.de\/startseite\/wp-json\/wp\/v2\/media\/5514"}],"wp:attachment":[{"href":"https:\/\/ikth.de\/startseite\/wp-json\/wp\/v2\/media?parent=5513"}],"wp:term":[{"taxonomy":"category","embeddable":true,"href":"https:\/\/ikth.de\/startseite\/wp-json\/wp\/v2\/categories?post=5513"},{"taxonomy":"post_tag","embeddable":true,"href":"https:\/\/ikth.de\/startseite\/wp-json\/wp\/v2\/tags?post=5513"}],"curies":[{"name":"wp","href":"https:\/\/api.w.org\/{rel}","templated":true}]}}