{"id":5443,"date":"2023-06-25T08:21:09","date_gmt":"2023-06-25T06:21:09","guid":{"rendered":"https:\/\/ikth.de\/startseite\/?p=5443"},"modified":"2023-07-25T08:24:32","modified_gmt":"2023-07-25T06:24:32","slug":"planende-berufe-erwarten-massive-verwerfungen-im-deutschen-planungsmarkt","status":"publish","type":"post","link":"https:\/\/ikth.de\/startseite\/planende-berufe-erwarten-massive-verwerfungen-im-deutschen-planungsmarkt\/","title":{"rendered":"Planende Berufe erwarten massive Verwerfungen im deutschen Planungsmarkt"},"content":{"rendered":"<div class=\"eut-container\">\n<div class=\"eut-row eut-bookmark eut-columns-gap-30\">\n<div class=\"eut-column wpb_column eut-column-1\">\n<div class=\"eut-column-wrapper\">\n<div class=\"eut-element eut-text\">\n<p>Der Bundesrat hat in seiner Sitzung am 16. Mai 2023 mehrheitlich einer Verordnung der Bundesregierung zugestimmt, durch die eine \u00c4nderung der Vergabeverordnung voraussichtlich dazu f\u00fchren wird, dass nahezu alle \u00f6ffentlichen Planungsaufgaben k\u00fcnftig nach den Regeln des EU-Rechts vergeben werden m\u00fcssen. Insbesondere die Kommunen als gr\u00f6\u00dfte \u00f6ffentliche Auftraggeber werden hiermit aufgrund fehlender Kapazit\u00e4ten oftmals \u00fcberfordert sein, worauf auch die Kommunalen Spitzenverb\u00e4nde hingewiesen haben.<\/p>\n<p>Die Verfahren werden sowohl f\u00fcr die Auftraggeber \u2013 wie f\u00fcr die Auftragnehmerseite \u2013 deutlich aufw\u00e4ndiger und werden damit erheblich mehr Zeit in Anspruch nehmen. Die Kammern und Verb\u00e4nde der planenden Berufe bef\u00fcrchten daher, dass es zuk\u00fcnftig vermehrt zu Total- und Generalunternehmervergaben kommen wird. Die Folge w\u00e4re eine Existenzgef\u00e4hrdung f\u00fcr die mittelstandsgepr\u00e4gte Planungswirtschaft in Deutschland.<\/p>\n<p>Der geplanten \u00c4nderung der VgV liegt ein Vertragsverletzungsverfahren der EU-Kommission zugrunde, die in der bisher g\u00fcltigen deutschen Regelung einen Versto\u00df gegen die europ\u00e4ischen Vergaberichtlinien sieht. Die Planerverb\u00e4nde hatten hingegen geltend gemacht, dass den zu erwartenden negativen Auswirkungen kein erkennbarer Vorteil im Sinne einer St\u00e4rkung des europ\u00e4ischen Binnenmarkts gegen\u00fcberstehe, und gefordert, dass sich der Europ\u00e4ische Gerichtshof mit dem Thema befassen sollte. Mehrere Bundesl\u00e4nder hatten sich dem angeschlossen, blieben aber bei der heutigen Abstimmung in der Minderheit.<\/p>\n<p>\u201eWir bedauern es sehr, dass nach dem Bundestag auch der Bundesrat den Weg daf\u00fcr frei gemacht hat, den gut funktionierenden Planungsmarkt in Deutschland massiv zu gef\u00e4hrden,\u201c meint Andrea Gebhard, Pr\u00e4sidentin der Bundesarchitektenkammer. \u201eWir werden jetzt mit der Bundesregierung und den \u00f6ffentlichen Auftraggebern, insbesondere den Kommunalen Spitzenverb\u00e4nden, unsere Gespr\u00e4che weiter fortsetzen und intensivieren, mit welchen Mitteln die negativen Folgewirkungen der \u00c4nderung der Vergabeverordnung so gering wie m\u00f6glich gehalten werden k\u00f6nnen.\u201c<\/p>\n<p>Auch Dr.-Ing. Heinrich B\u00f6kamp, Pr\u00e4sident der Bundesingenieurkammer, bef\u00fcrchtet massive Auswirkungen auf die planenden Berufe und eine Vielzahl dringend ben\u00f6tigter Bauprojekte in Deutschland. \u201eEs ist \u00fcberaus bedauerlich, dass sich sowohl Bund als auch die L\u00e4nder gerade in diesen herausfordernden Zeiten nicht sch\u00fctzend vor die kleinen und mittleren B\u00fcros stellen. Diese bilden bislang das R\u00fcckgrat der deutschen Planungslandschaft und werden vor dem Hintergrund von Bau- und Energiewende dringender denn je ben\u00f6tigt. Eine qualitativ hochwertige und fl\u00e4chendeckende Leistungserbringung kann jedoch nur unter fairen Rahmenbedingungen gew\u00e4hrleistet werden,\u201c so der Pr\u00e4sident der Bundesingenieurkammer abschlie\u00dfend.<\/p>\n<p><strong>Unterzeichnende Kammern und Verb\u00e4nde: <\/strong><\/p>\n<p>Bundesarchitektenkammer, Bundesingenieurkammer, Bund Deutscher Architektinnen und Architekten, Bund Deutscher Baumeister Architekten und Ingenieure, Bund Deutscher Innenarchitekten, Bund Deutscher Landschaftsarchitekten, Bundesverband Freier Berufe, Bundesverband der \u00f6ffentlich bestellten Vermessungsingenieure, Bundesvereinigung der Pr\u00fcfingenieure f\u00fcr Bautechnik, DAI Verband Deutscher Architekten- und Ingenieurvereine, Deutsche Akdademie f\u00fcr St\u00e4dtebau und Landesplanung, Ausschuss der Verb\u00e4nde und Kammern der Ingenieure und Architekten f\u00fcr die Honorarordnung, F\u00f6rderverein der Bundesstiftung Baukultur, Vereinigung f\u00fcr Stadt-, Regional- und Landesplanung, Vereinigung freischaffender Architekten Deutschlands, Verband Beratender Ingenieure, Verband Deutscher Vermessungsingenieure, Zentralverband der Ingenieurvereine<\/p>\n<\/div>\n<\/div>\n<h6 class=\"eut-empty-space eut-height-1x\"><span style=\"color: #999999;\">Quelle: https:\/\/bingk.de\/planende-berufe-erwarten-massive-verwerfungen\/<br \/>\nBild: &lt;a href=&#8220;https:\/\/de.freepik.com\/fotos-kostenlos\/menschen-mit-plaenen-arbeiten_2157705.htm#query=vergabeverfahren%20verwaltung&amp;position=16&amp;from_view=search&amp;track=ais&#8220;&gt;Freepik&lt;\/a&gt;<\/span><\/h6>\n<\/div>\n<\/div>\n<\/div>\n","protected":false},"excerpt":{"rendered":"<p>Der Bundesrat hat in seiner Sitzung am 16. Mai 2023 mehrheitlich einer Verordnung der Bundesregierung zugestimmt, durch die eine \u00c4nderung der Vergabeverordnung voraussichtlich dazu f\u00fchren wird, dass nahezu alle \u00f6ffentlichen&hellip;<\/p>\n","protected":false},"author":7,"featured_media":5444,"comment_status":"closed","ping_status":"closed","sticky":false,"template":"","format":"standard","meta":{"_acf_changed":false,"footnotes":""},"categories":[313,80,76,315],"tags":[],"class_list":{"0":"post-5443","1":"post","2":"type-post","3":"status-publish","4":"format-standard","5":"has-post-thumbnail","6":"hentry","7":"category-313","8":"category-bingk","9":"category-news","10":"category-vergabe","12":"category-80","13":"category-76","14":"category-315","15":"description-off"},"acf":[],"yoast_head":"<!-- This site is optimized with the Yoast SEO plugin v26.4 - https:\/\/yoast.com\/wordpress\/plugins\/seo\/ -->\n<title>Planende Berufe erwarten massive Verwerfungen im deutschen Planungsmarkt - Ingenieurkammer Th\u00fcringen<\/title>\n<meta name=\"description\" content=\"0\" \/>\n<meta name=\"robots\" content=\"index, follow, max-snippet:-1, max-image-preview:large, max-video-preview:-1\" \/>\n<link rel=\"canonical\" href=\"https:\/\/ikth.de\/startseite\/planende-berufe-erwarten-massive-verwerfungen-im-deutschen-planungsmarkt\/\" \/>\n<meta property=\"og:locale\" content=\"de_DE\" \/>\n<meta property=\"og:type\" content=\"article\" \/>\n<meta property=\"og:title\" content=\"Planende Berufe erwarten massive Verwerfungen im deutschen Planungsmarkt - Ingenieurkammer Th\u00fcringen\" \/>\n<meta property=\"og:description\" content=\"Der Bundesrat hat in seiner Sitzung am 16. Mai 2023 mehrheitlich einer Verordnung der Bundesregierung zugestimmt, durch die eine \u00c4nderung der Vergabeverordnung voraussichtlich dazu f\u00fchren wird, dass nahezu alle \u00f6ffentlichen&hellip;\" \/>\n<meta property=\"og:url\" content=\"https:\/\/ikth.de\/startseite\/planende-berufe-erwarten-massive-verwerfungen-im-deutschen-planungsmarkt\/\" \/>\n<meta property=\"og:site_name\" content=\"Ingenieurkammer Th\u00fcringen\" \/>\n<meta property=\"article:published_time\" content=\"2023-06-25T06:21:09+00:00\" \/>\n<meta property=\"article:modified_time\" content=\"2023-07-25T06:24:32+00:00\" \/>\n<meta property=\"og:image\" content=\"https:\/\/ikth.de\/wp-content\/uploads\/2023\/07\/menschen-mit-plaenen-arbeiten-scaled-e1690266150690.jpg\" \/>\n\t<meta property=\"og:image:width\" content=\"1250\" \/>\n\t<meta property=\"og:image:height\" content=\"833\" \/>\n\t<meta property=\"og:image:type\" content=\"image\/jpeg\" \/>\n<meta name=\"author\" content=\"FranziskaHartung\" \/>\n<meta name=\"twitter:card\" content=\"summary_large_image\" \/>\n<meta name=\"twitter:label1\" content=\"Verfasst von\" \/>\n\t<meta name=\"twitter:data1\" content=\"FranziskaHartung\" \/>\n\t<meta name=\"twitter:label2\" content=\"Gesch\u00e4tzte Lesezeit\" \/>\n\t<meta name=\"twitter:data2\" content=\"3\u00a0Minuten\" \/>\n<script type=\"application\/ld+json\" class=\"yoast-schema-graph\">{\"@context\":\"https:\/\/schema.org\",\"@graph\":[{\"@type\":\"WebPage\",\"@id\":\"https:\/\/ikth.de\/startseite\/planende-berufe-erwarten-massive-verwerfungen-im-deutschen-planungsmarkt\/\",\"url\":\"https:\/\/ikth.de\/startseite\/planende-berufe-erwarten-massive-verwerfungen-im-deutschen-planungsmarkt\/\",\"name\":\"Planende Berufe erwarten massive Verwerfungen im deutschen Planungsmarkt - Ingenieurkammer Th\u00fcringen\",\"isPartOf\":{\"@id\":\"https:\/\/ikth.de\/startseite\/#website\"},\"primaryImageOfPage\":{\"@id\":\"https:\/\/ikth.de\/startseite\/planende-berufe-erwarten-massive-verwerfungen-im-deutschen-planungsmarkt\/#primaryimage\"},\"image\":{\"@id\":\"https:\/\/ikth.de\/startseite\/planende-berufe-erwarten-massive-verwerfungen-im-deutschen-planungsmarkt\/#primaryimage\"},\"thumbnailUrl\":\"https:\/\/ikth.de\/wp-content\/uploads\/2023\/07\/menschen-mit-plaenen-arbeiten-scaled-e1690266150690.jpg\",\"datePublished\":\"2023-06-25T06:21:09+00:00\",\"dateModified\":\"2023-07-25T06:24:32+00:00\",\"author\":{\"@id\":\"https:\/\/ikth.de\/startseite\/#\/schema\/person\/526a94beb97b2da25e3be97837f9b3a2\"},\"breadcrumb\":{\"@id\":\"https:\/\/ikth.de\/startseite\/planende-berufe-erwarten-massive-verwerfungen-im-deutschen-planungsmarkt\/#breadcrumb\"},\"inLanguage\":\"de\",\"potentialAction\":[{\"@type\":\"ReadAction\",\"target\":[\"https:\/\/ikth.de\/startseite\/planende-berufe-erwarten-massive-verwerfungen-im-deutschen-planungsmarkt\/\"]}]},{\"@type\":\"ImageObject\",\"inLanguage\":\"de\",\"@id\":\"https:\/\/ikth.de\/startseite\/planende-berufe-erwarten-massive-verwerfungen-im-deutschen-planungsmarkt\/#primaryimage\",\"url\":\"https:\/\/ikth.de\/wp-content\/uploads\/2023\/07\/menschen-mit-plaenen-arbeiten-scaled-e1690266150690.jpg\",\"contentUrl\":\"https:\/\/ikth.de\/wp-content\/uploads\/2023\/07\/menschen-mit-plaenen-arbeiten-scaled-e1690266150690.jpg\",\"width\":1250,\"height\":833},{\"@type\":\"BreadcrumbList\",\"@id\":\"https:\/\/ikth.de\/startseite\/planende-berufe-erwarten-massive-verwerfungen-im-deutschen-planungsmarkt\/#breadcrumb\",\"itemListElement\":[{\"@type\":\"ListItem\",\"position\":1,\"name\":\"Startseite\",\"item\":\"https:\/\/ikth.de\/startseite\/\"},{\"@type\":\"ListItem\",\"position\":2,\"name\":\"Planende Berufe erwarten massive Verwerfungen im deutschen Planungsmarkt\"}]},{\"@type\":\"WebSite\",\"@id\":\"https:\/\/ikth.de\/startseite\/#website\",\"url\":\"https:\/\/ikth.de\/startseite\/\",\"name\":\"Ingenieurkammer Th\u00fcringen\",\"description\":\"\",\"potentialAction\":[{\"@type\":\"SearchAction\",\"target\":{\"@type\":\"EntryPoint\",\"urlTemplate\":\"https:\/\/ikth.de\/startseite\/?s={search_term_string}\"},\"query-input\":{\"@type\":\"PropertyValueSpecification\",\"valueRequired\":true,\"valueName\":\"search_term_string\"}}],\"inLanguage\":\"de\"},{\"@type\":\"Person\",\"@id\":\"https:\/\/ikth.de\/startseite\/#\/schema\/person\/526a94beb97b2da25e3be97837f9b3a2\",\"name\":\"FranziskaHartung\",\"image\":{\"@type\":\"ImageObject\",\"inLanguage\":\"de\",\"@id\":\"https:\/\/ikth.de\/startseite\/#\/schema\/person\/image\/\",\"url\":\"https:\/\/secure.gravatar.com\/avatar\/4e97a183a1ea9dc3ae27f4653e8b2df4ab4b9221e3e46e25bb1c8490c63d9e3b?s=96&d=mm&r=g\",\"contentUrl\":\"https:\/\/secure.gravatar.com\/avatar\/4e97a183a1ea9dc3ae27f4653e8b2df4ab4b9221e3e46e25bb1c8490c63d9e3b?s=96&d=mm&r=g\",\"caption\":\"FranziskaHartung\"},\"url\":\"https:\/\/ikth.de\/startseite\/author\/franziskahartung\/\"}]}<\/script>\n<!-- \/ Yoast SEO plugin. -->","yoast_head_json":{"title":"Planende Berufe erwarten massive Verwerfungen im deutschen Planungsmarkt - Ingenieurkammer Th\u00fcringen","robots":{"index":"index","follow":"follow","max-snippet":"max-snippet:-1","max-image-preview":"max-image-preview:large","max-video-preview":"max-video-preview:-1"},"canonical":"https:\/\/ikth.de\/startseite\/planende-berufe-erwarten-massive-verwerfungen-im-deutschen-planungsmarkt\/","og_locale":"de_DE","og_type":"article","og_title":"Planende Berufe erwarten massive Verwerfungen im deutschen Planungsmarkt - Ingenieurkammer Th\u00fcringen","og_description":"Der Bundesrat hat in seiner Sitzung am 16. Mai 2023 mehrheitlich einer Verordnung der Bundesregierung zugestimmt, durch die eine \u00c4nderung der Vergabeverordnung voraussichtlich dazu f\u00fchren wird, dass nahezu alle \u00f6ffentlichen&hellip;","og_url":"https:\/\/ikth.de\/startseite\/planende-berufe-erwarten-massive-verwerfungen-im-deutschen-planungsmarkt\/","og_site_name":"Ingenieurkammer Th\u00fcringen","article_published_time":"2023-06-25T06:21:09+00:00","article_modified_time":"2023-07-25T06:24:32+00:00","og_image":[{"width":1250,"height":833,"url":"https:\/\/ikth.de\/wp-content\/uploads\/2023\/07\/menschen-mit-plaenen-arbeiten-scaled-e1690266150690.jpg","type":"image\/jpeg"}],"author":"FranziskaHartung","twitter_card":"summary_large_image","twitter_misc":{"Verfasst von":"FranziskaHartung","Gesch\u00e4tzte Lesezeit":"3\u00a0Minuten"},"schema":{"@context":"https:\/\/schema.org","@graph":[{"@type":"WebPage","@id":"https:\/\/ikth.de\/startseite\/planende-berufe-erwarten-massive-verwerfungen-im-deutschen-planungsmarkt\/","url":"https:\/\/ikth.de\/startseite\/planende-berufe-erwarten-massive-verwerfungen-im-deutschen-planungsmarkt\/","name":"Planende Berufe erwarten massive Verwerfungen im deutschen Planungsmarkt - Ingenieurkammer Th\u00fcringen","isPartOf":{"@id":"https:\/\/ikth.de\/startseite\/#website"},"primaryImageOfPage":{"@id":"https:\/\/ikth.de\/startseite\/planende-berufe-erwarten-massive-verwerfungen-im-deutschen-planungsmarkt\/#primaryimage"},"image":{"@id":"https:\/\/ikth.de\/startseite\/planende-berufe-erwarten-massive-verwerfungen-im-deutschen-planungsmarkt\/#primaryimage"},"thumbnailUrl":"https:\/\/ikth.de\/wp-content\/uploads\/2023\/07\/menschen-mit-plaenen-arbeiten-scaled-e1690266150690.jpg","datePublished":"2023-06-25T06:21:09+00:00","dateModified":"2023-07-25T06:24:32+00:00","author":{"@id":"https:\/\/ikth.de\/startseite\/#\/schema\/person\/526a94beb97b2da25e3be97837f9b3a2"},"breadcrumb":{"@id":"https:\/\/ikth.de\/startseite\/planende-berufe-erwarten-massive-verwerfungen-im-deutschen-planungsmarkt\/#breadcrumb"},"inLanguage":"de","potentialAction":[{"@type":"ReadAction","target":["https:\/\/ikth.de\/startseite\/planende-berufe-erwarten-massive-verwerfungen-im-deutschen-planungsmarkt\/"]}]},{"@type":"ImageObject","inLanguage":"de","@id":"https:\/\/ikth.de\/startseite\/planende-berufe-erwarten-massive-verwerfungen-im-deutschen-planungsmarkt\/#primaryimage","url":"https:\/\/ikth.de\/wp-content\/uploads\/2023\/07\/menschen-mit-plaenen-arbeiten-scaled-e1690266150690.jpg","contentUrl":"https:\/\/ikth.de\/wp-content\/uploads\/2023\/07\/menschen-mit-plaenen-arbeiten-scaled-e1690266150690.jpg","width":1250,"height":833},{"@type":"BreadcrumbList","@id":"https:\/\/ikth.de\/startseite\/planende-berufe-erwarten-massive-verwerfungen-im-deutschen-planungsmarkt\/#breadcrumb","itemListElement":[{"@type":"ListItem","position":1,"name":"Startseite","item":"https:\/\/ikth.de\/startseite\/"},{"@type":"ListItem","position":2,"name":"Planende Berufe erwarten massive Verwerfungen im deutschen Planungsmarkt"}]},{"@type":"WebSite","@id":"https:\/\/ikth.de\/startseite\/#website","url":"https:\/\/ikth.de\/startseite\/","name":"Ingenieurkammer Th\u00fcringen","description":"","potentialAction":[{"@type":"SearchAction","target":{"@type":"EntryPoint","urlTemplate":"https:\/\/ikth.de\/startseite\/?s={search_term_string}"},"query-input":{"@type":"PropertyValueSpecification","valueRequired":true,"valueName":"search_term_string"}}],"inLanguage":"de"},{"@type":"Person","@id":"https:\/\/ikth.de\/startseite\/#\/schema\/person\/526a94beb97b2da25e3be97837f9b3a2","name":"FranziskaHartung","image":{"@type":"ImageObject","inLanguage":"de","@id":"https:\/\/ikth.de\/startseite\/#\/schema\/person\/image\/","url":"https:\/\/secure.gravatar.com\/avatar\/4e97a183a1ea9dc3ae27f4653e8b2df4ab4b9221e3e46e25bb1c8490c63d9e3b?s=96&d=mm&r=g","contentUrl":"https:\/\/secure.gravatar.com\/avatar\/4e97a183a1ea9dc3ae27f4653e8b2df4ab4b9221e3e46e25bb1c8490c63d9e3b?s=96&d=mm&r=g","caption":"FranziskaHartung"},"url":"https:\/\/ikth.de\/startseite\/author\/franziskahartung\/"}]}},"_links":{"self":[{"href":"https:\/\/ikth.de\/startseite\/wp-json\/wp\/v2\/posts\/5443","targetHints":{"allow":["GET"]}}],"collection":[{"href":"https:\/\/ikth.de\/startseite\/wp-json\/wp\/v2\/posts"}],"about":[{"href":"https:\/\/ikth.de\/startseite\/wp-json\/wp\/v2\/types\/post"}],"author":[{"embeddable":true,"href":"https:\/\/ikth.de\/startseite\/wp-json\/wp\/v2\/users\/7"}],"replies":[{"embeddable":true,"href":"https:\/\/ikth.de\/startseite\/wp-json\/wp\/v2\/comments?post=5443"}],"version-history":[{"count":1,"href":"https:\/\/ikth.de\/startseite\/wp-json\/wp\/v2\/posts\/5443\/revisions"}],"predecessor-version":[{"id":5445,"href":"https:\/\/ikth.de\/startseite\/wp-json\/wp\/v2\/posts\/5443\/revisions\/5445"}],"wp:featuredmedia":[{"embeddable":true,"href":"https:\/\/ikth.de\/startseite\/wp-json\/wp\/v2\/media\/5444"}],"wp:attachment":[{"href":"https:\/\/ikth.de\/startseite\/wp-json\/wp\/v2\/media?parent=5443"}],"wp:term":[{"taxonomy":"category","embeddable":true,"href":"https:\/\/ikth.de\/startseite\/wp-json\/wp\/v2\/categories?post=5443"},{"taxonomy":"post_tag","embeddable":true,"href":"https:\/\/ikth.de\/startseite\/wp-json\/wp\/v2\/tags?post=5443"}],"curies":[{"name":"wp","href":"https:\/\/api.w.org\/{rel}","templated":true}]}}