{"id":5307,"date":"2023-06-01T09:26:25","date_gmt":"2023-06-01T07:26:25","guid":{"rendered":"https:\/\/ikth.de\/startseite\/?p=5307"},"modified":"2023-06-01T09:26:25","modified_gmt":"2023-06-01T07:26:25","slug":"deutscher-brueckenbaupreis-2023-zeichnet-im-beisein-von-bundesminister-dr-volker-wissing-herausragende-bauwerke-aus","status":"publish","type":"post","link":"https:\/\/ikth.de\/startseite\/deutscher-brueckenbaupreis-2023-zeichnet-im-beisein-von-bundesminister-dr-volker-wissing-herausragende-bauwerke-aus\/","title":{"rendered":"Deutscher Br\u00fcckenbaupreis 2023 zeichnet im Beisein von Bundesminister Dr. Volker Wissing herausragende Bauwerke aus"},"content":{"rendered":"<h3>Stadtbahnbr\u00fccke Stuttgart und Br\u00fccke \u201eMiniatur Wunderland\u201c der Hamburger Speicherstadt gewinnen Deutschen Br\u00fcckenbaupreis 2023<\/h3>\n<p>Dresden, 31. Mai 2023 \u2013 Die Stadtbahnbr\u00fccke Stuttgart und die Br\u00fccke \u201eMiniatur Wunderland\u201c der Hamburger Speicherstadt erhalten den Deutschen Br\u00fcckenbaupreis 2023. Auf der feierlichen Preisverleihung am 30. Mai 2023 in Dresden \u00fcberreichte Dr. Volker Wissing, Bundesminister f\u00fcr Digitales und Verkehr, die Auszeichnungen an die Preistr\u00e4ger. Beide Bauwerke zeichnen sich durch zukunftsweisende Innovationen im Ingenieurbau aus.<\/p>\n<h4>\nNeuartige Carbonh\u00e4nger setzen Ma\u00dfst\u00e4be<\/h4>\n<p>Die Stadtbahnbr\u00fccke Stuttgart setzt mit dem erstmaligen Einsatz neuartiger Carbonh\u00e4nger bei Stabbogenbr\u00fccken in Deutschland v\u00f6llig neue Ma\u00dfst\u00e4be und erh\u00e4lt daf\u00fcr den Deutschen Br\u00fcckenbaupreis 2023 in der Kategorie Stra\u00dfen- und Eisenbahnbr\u00fccken. Die Jury betont, dass durch den Einsatz dieser Carbonh\u00e4nger Netzwerkbogenbr\u00fccken einen wahren Entwicklungsschub erhalten. Ausgezeichnet wurde auch die akribische Planung und begleitende Forschung, die die herausragende Ingenieurleistung erm\u00f6glichten. Das Bauwerk leistet nach Ansicht der Jury einen wertvollen Beitrag zum ressourcenschonenden Bauen.<\/p>\n<h4>Kleinste \u201eEisenbahnbr\u00fccke\u201c der Welt<\/h4>\n<p>Eine Erweiterung der Modelleisenbahnanlage \u201eMiniatur Wunderland\u201c in der Hamburger Speicherstadt erforderte die Verbindung zweier denkmalgesch\u00fctzter Geb\u00e4ude f\u00fcr die Ausstellungsbesucher. Die Jury w\u00fcrdigt die kleinste \u201eEisenbahnbr\u00fccke\u201c der Welt f\u00fcr ihre Ingenieurbaukunst als \u201eminimalistischer Entwurf f\u00fcr anspruchsvolle Bedingungen\u201c. Zugleich wurde die M\u00f6glichkeit der vollst\u00e4ndigen R\u00fcckbaubarkeit mitbedacht. Die Hamburger Touristenattraktion erh\u00e4lt den Deutschen Br\u00fcckenbaupreis 2023 in der Kategorie Fu\u00df- und Radwegbr\u00fccken.<\/p>\n<h4>\nErstmaliger Sonderpreis f\u00fcr Nachhaltigkeit<\/h4>\n<p>Der erstmalig vergebene Sonderpreis f\u00fcr eine herausragende L\u00f6sung oder Entwicklung auf dem Weg zum klimaneutralen Bauen geht an die Br\u00fccke Stokkumer Stra\u00dfe. Die Pilotbr\u00fccke, mit der ein Wirtschaftsweg \u00fcber die A3 gef\u00fchrt wird, ist richtungsweisend bei Baugeschwindigkeit, Ressourcenschonung und CO2-Einsparung. So wurde als Baumaterial lokal anstehender Erdstoff verwendet. Das Pilotprojekt ist laut Jury \u201eein h\u00f6chst beachtenswerter Schritt auf dem Weg zum klimaneutralen Bauen\u201c.<br \/>\nDipl.-Ing. Andreas Keil und sein Kollege Dipl.-Ing. Lorenz Haspel (schlaich bergermann partner sbp), Dr.-Ing. Christian B\u00f6ttcher (panta ingenieure gmbh), und Dipl.-Ing. Thorsten Balder mit Dipl.-Ing.<br \/>\nDominik Radtke in Stellvertretung von J\u00f6rg Kranz (Heitkamp Br\u00fcckenbau GmbH), nahmen stellvertretend f\u00fcr ihre Teams die Preise entgegen.<\/p>\n<p>Gefeiert wurden die Gewinner von den etwa 1.200 G\u00e4sten der Preisverleihung aus Fachwelt, Politik und Wirtschaft. Gastgeber waren die Bundesingenieurkammer und der Verband Beratender Ingenieure VBI, die seit 2006 alle zwei Jahre gemeinsam den Deutschen Br\u00fcckenbaupreis f\u00fcr herausragende Bauingenieurleistungen vergeben. Das Bundesministerium f\u00fcr Digitales und Verkehr ist erneut F\u00f6rderer und Schirmherr des Deutschen Br\u00fcckenbaupreises.<\/p>\n<p>Der Jury geh\u00f6ren an:<\/p>\n<ul>\n<li>MR Prof. Dr.-Ing. Gero Marzahn, BMDV, Leiter des Referat StB 24 Ingenieurbauwerke,<br \/>\n(Juryvorsitzender)<\/li>\n<li>Prof. Dr.-Ing. Annette B\u00f6gle, HCU HafenCity Universit\u00e4t Hamburg<\/li>\n<li>Eberhard Pelke, ehem. Dezernat Ingenieurbauwerke, Hessen Mobil \u2013 Stra\u00dfen- und<br \/>\nVerkehrsmanagement<\/li>\n<li>Ralf Schubart, Ingenieurb\u00fcro Meyer + Schubart<\/li>\n<li>Anja Vehlow, DB Netz AG<\/li>\n<li>Dr.-Ing. Gerhard Zehetmaier, WTM Engineers GmbH<\/li>\n<\/ul>\n<p>Nominierungen der Kategorie Fu\u00df- und Radwegbr\u00fccken<\/p>\n<ul>\n<li>Br\u00fccke \u201eMiniatur Wunderland\u201c, Hamburg (Hamburg)<\/li>\n<li>Carl-Alexander-Br\u00fccke, Dorndorf (Th\u00fcringen)<\/li>\n<li>M\u00fchlensteg, Besigheim (Baden-W\u00fcrttemberg)<\/li>\n<\/ul>\n<p>Nominierungen der Kategorie Stra\u00dfen- und Eisenbahnbr\u00fccken<\/p>\n<ul>\n<li>Fuldatalbr\u00fccke, Bergshausen (Hessen)<\/li>\n<li>Pilotbr\u00fccke Stokkumer Stra\u00dfe, Emmerich (Nordrhein-Westfalen)<\/li>\n<li>Stadtbahnbr\u00fccke, Stuttgart (Baden-W\u00fcrttemberg)<\/li>\n<\/ul>\n<p>Weitere Informationen und Fotos von der Preisverleihung, Bilder der ausgezeichneten Bauwerke sowie<br \/>\nfilmische Kurzportr\u00e4ts aller nominierten Br\u00fccken und die Dokumentation zum Wettbewerb finden Sie<br \/>\n<a href=\"https:\/\/www.brueckenbaupreis.de\/deutscher-brueckenbaupreis-2023-ausgelobt\/\">hier<\/a> und auf <a href=\"https:\/\/www.brueckenbaupreis.de\">https:\/\/www.brueckenbaupreis.de<\/a><\/p>\n<p>&nbsp;<\/p>\n<p>Pressekontakte:<br \/>\nTatjana Steidl<br \/>\nVerband Beratender Ingenieure VBI<br \/>\nTel. +49 30 260 62-220<br \/>\nsteidl@vbi.de<br \/>\nwww.vbi.de<\/p>\n<p>Eva H\u00e4mmerle<br \/>\nBundesingenieurkammer<br \/>\nT. +49 30 2589 882-23<br \/>\nhaemmerle@bingk.de<br \/>\nwww.bingk.de<\/p>\n<p>&nbsp;<\/p>\n<h6><span style=\"color: #999999;\">Foto:Deutscher Br\u00fcckenbaupreis 2023<\/span><br \/>\n<span style=\"color: #999999;\">Festlichen Preisverleihung des \u201eDeutschen Br\u00fcckenbaupreis 2023\u201c im Rahmen des Dresdner Br\u00fcckenbausymposiums am 30. Mai 2023 in der Messe Dresden. Foto: Andr\u00e9 Wirsig<\/span><br \/>\n<span style=\"color: #999999;\">:copyright: 2023 Andr\u00e9 Wirsig<\/span><\/h6>\n","protected":false},"excerpt":{"rendered":"<p>Stadtbahnbr\u00fccke Stuttgart und Br\u00fccke \u201eMiniatur Wunderland\u201c der Hamburger Speicherstadt gewinnen Deutschen Br\u00fcckenbaupreis 2023 Dresden, 31. Mai 2023 \u2013 Die Stadtbahnbr\u00fccke Stuttgart und die Br\u00fccke \u201eMiniatur Wunderland\u201c der Hamburger Speicherstadt erhalten&hellip;<\/p>\n","protected":false},"author":7,"featured_media":5308,"comment_status":"closed","ping_status":"closed","sticky":false,"template":"","format":"standard","meta":{"_acf_changed":false,"footnotes":""},"categories":[313,80,76,24],"tags":[],"class_list":{"0":"post-5307","1":"post","2":"type-post","3":"status-publish","4":"format-standard","5":"has-post-thumbnail","6":"hentry","7":"category-313","8":"category-bingk","9":"category-news","10":"category-wettbewerbe","12":"category-80","13":"category-76","14":"category-24","15":"description-off"},"acf":[],"yoast_head":"<!-- This site is optimized with the Yoast SEO plugin v26.4 - https:\/\/yoast.com\/wordpress\/plugins\/seo\/ -->\n<title>Deutscher Br\u00fcckenbaupreis 2023 zeichnet im Beisein von Bundesminister Dr. Volker Wissing herausragende Bauwerke aus - Ingenieurkammer Th\u00fcringen<\/title>\n<meta name=\"description\" content=\"0\" \/>\n<meta name=\"robots\" content=\"index, follow, max-snippet:-1, max-image-preview:large, max-video-preview:-1\" \/>\n<link rel=\"canonical\" href=\"https:\/\/ikth.de\/startseite\/deutscher-brueckenbaupreis-2023-zeichnet-im-beisein-von-bundesminister-dr-volker-wissing-herausragende-bauwerke-aus\/\" \/>\n<meta property=\"og:locale\" content=\"de_DE\" \/>\n<meta property=\"og:type\" content=\"article\" \/>\n<meta property=\"og:title\" content=\"Deutscher Br\u00fcckenbaupreis 2023 zeichnet im Beisein von Bundesminister Dr. Volker Wissing herausragende Bauwerke aus - Ingenieurkammer Th\u00fcringen\" \/>\n<meta property=\"og:description\" content=\"Stadtbahnbr\u00fccke Stuttgart und Br\u00fccke \u201eMiniatur Wunderland\u201c der Hamburger Speicherstadt gewinnen Deutschen Br\u00fcckenbaupreis 2023 Dresden, 31. Mai 2023 \u2013 Die Stadtbahnbr\u00fccke Stuttgart und die Br\u00fccke \u201eMiniatur Wunderland\u201c der Hamburger Speicherstadt erhalten&hellip;\" \/>\n<meta property=\"og:url\" content=\"https:\/\/ikth.de\/startseite\/deutscher-brueckenbaupreis-2023-zeichnet-im-beisein-von-bundesminister-dr-volker-wissing-herausragende-bauwerke-aus\/\" \/>\n<meta property=\"og:site_name\" content=\"Ingenieurkammer Th\u00fcringen\" \/>\n<meta property=\"article:published_time\" content=\"2023-06-01T07:26:25+00:00\" \/>\n<meta property=\"og:image\" content=\"https:\/\/ikth.de\/wp-content\/uploads\/2023\/06\/52939163586_1a7a038a94_c.jpg\" \/>\n\t<meta property=\"og:image:width\" content=\"799\" \/>\n\t<meta property=\"og:image:height\" content=\"533\" \/>\n\t<meta property=\"og:image:type\" content=\"image\/jpeg\" \/>\n<meta name=\"author\" content=\"FranziskaHartung\" \/>\n<meta name=\"twitter:card\" content=\"summary_large_image\" \/>\n<meta name=\"twitter:label1\" content=\"Verfasst von\" \/>\n\t<meta name=\"twitter:data1\" content=\"FranziskaHartung\" \/>\n\t<meta name=\"twitter:label2\" content=\"Gesch\u00e4tzte Lesezeit\" \/>\n\t<meta name=\"twitter:data2\" content=\"3\u00a0Minuten\" \/>\n<script type=\"application\/ld+json\" class=\"yoast-schema-graph\">{\"@context\":\"https:\/\/schema.org\",\"@graph\":[{\"@type\":\"WebPage\",\"@id\":\"https:\/\/ikth.de\/startseite\/deutscher-brueckenbaupreis-2023-zeichnet-im-beisein-von-bundesminister-dr-volker-wissing-herausragende-bauwerke-aus\/\",\"url\":\"https:\/\/ikth.de\/startseite\/deutscher-brueckenbaupreis-2023-zeichnet-im-beisein-von-bundesminister-dr-volker-wissing-herausragende-bauwerke-aus\/\",\"name\":\"Deutscher Br\u00fcckenbaupreis 2023 zeichnet im Beisein von Bundesminister Dr. Volker Wissing herausragende Bauwerke aus - Ingenieurkammer Th\u00fcringen\",\"isPartOf\":{\"@id\":\"https:\/\/ikth.de\/startseite\/#website\"},\"primaryImageOfPage\":{\"@id\":\"https:\/\/ikth.de\/startseite\/deutscher-brueckenbaupreis-2023-zeichnet-im-beisein-von-bundesminister-dr-volker-wissing-herausragende-bauwerke-aus\/#primaryimage\"},\"image\":{\"@id\":\"https:\/\/ikth.de\/startseite\/deutscher-brueckenbaupreis-2023-zeichnet-im-beisein-von-bundesminister-dr-volker-wissing-herausragende-bauwerke-aus\/#primaryimage\"},\"thumbnailUrl\":\"https:\/\/ikth.de\/wp-content\/uploads\/2023\/06\/52939163586_1a7a038a94_c.jpg\",\"datePublished\":\"2023-06-01T07:26:25+00:00\",\"author\":{\"@id\":\"https:\/\/ikth.de\/startseite\/#\/schema\/person\/526a94beb97b2da25e3be97837f9b3a2\"},\"breadcrumb\":{\"@id\":\"https:\/\/ikth.de\/startseite\/deutscher-brueckenbaupreis-2023-zeichnet-im-beisein-von-bundesminister-dr-volker-wissing-herausragende-bauwerke-aus\/#breadcrumb\"},\"inLanguage\":\"de\",\"potentialAction\":[{\"@type\":\"ReadAction\",\"target\":[\"https:\/\/ikth.de\/startseite\/deutscher-brueckenbaupreis-2023-zeichnet-im-beisein-von-bundesminister-dr-volker-wissing-herausragende-bauwerke-aus\/\"]}]},{\"@type\":\"ImageObject\",\"inLanguage\":\"de\",\"@id\":\"https:\/\/ikth.de\/startseite\/deutscher-brueckenbaupreis-2023-zeichnet-im-beisein-von-bundesminister-dr-volker-wissing-herausragende-bauwerke-aus\/#primaryimage\",\"url\":\"https:\/\/ikth.de\/wp-content\/uploads\/2023\/06\/52939163586_1a7a038a94_c.jpg\",\"contentUrl\":\"https:\/\/ikth.de\/wp-content\/uploads\/2023\/06\/52939163586_1a7a038a94_c.jpg\",\"width\":799,\"height\":533,\"caption\":\"Deutscher Br\u00fcckenbaupreis 2023 Festlichen Preisverleihung des \u201eDeutschen Br\u00fcckenbaupreis 2023\u201c im Rahmen des Dresdner Br\u00fcckenbausymposiums am 30. Mai 2023 in der Messe Dresden. Foto: Andr\u00e9 Wirsig :copyright: 2023 Andr\u00e9 Wirsig\"},{\"@type\":\"BreadcrumbList\",\"@id\":\"https:\/\/ikth.de\/startseite\/deutscher-brueckenbaupreis-2023-zeichnet-im-beisein-von-bundesminister-dr-volker-wissing-herausragende-bauwerke-aus\/#breadcrumb\",\"itemListElement\":[{\"@type\":\"ListItem\",\"position\":1,\"name\":\"Startseite\",\"item\":\"https:\/\/ikth.de\/startseite\/\"},{\"@type\":\"ListItem\",\"position\":2,\"name\":\"Deutscher Br\u00fcckenbaupreis 2023 zeichnet im Beisein von Bundesminister Dr. Volker Wissing herausragende Bauwerke aus\"}]},{\"@type\":\"WebSite\",\"@id\":\"https:\/\/ikth.de\/startseite\/#website\",\"url\":\"https:\/\/ikth.de\/startseite\/\",\"name\":\"Ingenieurkammer Th\u00fcringen\",\"description\":\"\",\"potentialAction\":[{\"@type\":\"SearchAction\",\"target\":{\"@type\":\"EntryPoint\",\"urlTemplate\":\"https:\/\/ikth.de\/startseite\/?s={search_term_string}\"},\"query-input\":{\"@type\":\"PropertyValueSpecification\",\"valueRequired\":true,\"valueName\":\"search_term_string\"}}],\"inLanguage\":\"de\"},{\"@type\":\"Person\",\"@id\":\"https:\/\/ikth.de\/startseite\/#\/schema\/person\/526a94beb97b2da25e3be97837f9b3a2\",\"name\":\"FranziskaHartung\",\"image\":{\"@type\":\"ImageObject\",\"inLanguage\":\"de\",\"@id\":\"https:\/\/ikth.de\/startseite\/#\/schema\/person\/image\/\",\"url\":\"https:\/\/secure.gravatar.com\/avatar\/4e97a183a1ea9dc3ae27f4653e8b2df4ab4b9221e3e46e25bb1c8490c63d9e3b?s=96&d=mm&r=g\",\"contentUrl\":\"https:\/\/secure.gravatar.com\/avatar\/4e97a183a1ea9dc3ae27f4653e8b2df4ab4b9221e3e46e25bb1c8490c63d9e3b?s=96&d=mm&r=g\",\"caption\":\"FranziskaHartung\"},\"url\":\"https:\/\/ikth.de\/startseite\/author\/franziskahartung\/\"}]}<\/script>\n<!-- \/ Yoast SEO plugin. -->","yoast_head_json":{"title":"Deutscher Br\u00fcckenbaupreis 2023 zeichnet im Beisein von Bundesminister Dr. Volker Wissing herausragende Bauwerke aus - Ingenieurkammer Th\u00fcringen","robots":{"index":"index","follow":"follow","max-snippet":"max-snippet:-1","max-image-preview":"max-image-preview:large","max-video-preview":"max-video-preview:-1"},"canonical":"https:\/\/ikth.de\/startseite\/deutscher-brueckenbaupreis-2023-zeichnet-im-beisein-von-bundesminister-dr-volker-wissing-herausragende-bauwerke-aus\/","og_locale":"de_DE","og_type":"article","og_title":"Deutscher Br\u00fcckenbaupreis 2023 zeichnet im Beisein von Bundesminister Dr. Volker Wissing herausragende Bauwerke aus - Ingenieurkammer Th\u00fcringen","og_description":"Stadtbahnbr\u00fccke Stuttgart und Br\u00fccke \u201eMiniatur Wunderland\u201c der Hamburger Speicherstadt gewinnen Deutschen Br\u00fcckenbaupreis 2023 Dresden, 31. Mai 2023 \u2013 Die Stadtbahnbr\u00fccke Stuttgart und die Br\u00fccke \u201eMiniatur Wunderland\u201c der Hamburger Speicherstadt erhalten&hellip;","og_url":"https:\/\/ikth.de\/startseite\/deutscher-brueckenbaupreis-2023-zeichnet-im-beisein-von-bundesminister-dr-volker-wissing-herausragende-bauwerke-aus\/","og_site_name":"Ingenieurkammer Th\u00fcringen","article_published_time":"2023-06-01T07:26:25+00:00","og_image":[{"width":799,"height":533,"url":"https:\/\/ikth.de\/wp-content\/uploads\/2023\/06\/52939163586_1a7a038a94_c.jpg","type":"image\/jpeg"}],"author":"FranziskaHartung","twitter_card":"summary_large_image","twitter_misc":{"Verfasst von":"FranziskaHartung","Gesch\u00e4tzte Lesezeit":"3\u00a0Minuten"},"schema":{"@context":"https:\/\/schema.org","@graph":[{"@type":"WebPage","@id":"https:\/\/ikth.de\/startseite\/deutscher-brueckenbaupreis-2023-zeichnet-im-beisein-von-bundesminister-dr-volker-wissing-herausragende-bauwerke-aus\/","url":"https:\/\/ikth.de\/startseite\/deutscher-brueckenbaupreis-2023-zeichnet-im-beisein-von-bundesminister-dr-volker-wissing-herausragende-bauwerke-aus\/","name":"Deutscher Br\u00fcckenbaupreis 2023 zeichnet im Beisein von Bundesminister Dr. Volker Wissing herausragende Bauwerke aus - Ingenieurkammer Th\u00fcringen","isPartOf":{"@id":"https:\/\/ikth.de\/startseite\/#website"},"primaryImageOfPage":{"@id":"https:\/\/ikth.de\/startseite\/deutscher-brueckenbaupreis-2023-zeichnet-im-beisein-von-bundesminister-dr-volker-wissing-herausragende-bauwerke-aus\/#primaryimage"},"image":{"@id":"https:\/\/ikth.de\/startseite\/deutscher-brueckenbaupreis-2023-zeichnet-im-beisein-von-bundesminister-dr-volker-wissing-herausragende-bauwerke-aus\/#primaryimage"},"thumbnailUrl":"https:\/\/ikth.de\/wp-content\/uploads\/2023\/06\/52939163586_1a7a038a94_c.jpg","datePublished":"2023-06-01T07:26:25+00:00","author":{"@id":"https:\/\/ikth.de\/startseite\/#\/schema\/person\/526a94beb97b2da25e3be97837f9b3a2"},"breadcrumb":{"@id":"https:\/\/ikth.de\/startseite\/deutscher-brueckenbaupreis-2023-zeichnet-im-beisein-von-bundesminister-dr-volker-wissing-herausragende-bauwerke-aus\/#breadcrumb"},"inLanguage":"de","potentialAction":[{"@type":"ReadAction","target":["https:\/\/ikth.de\/startseite\/deutscher-brueckenbaupreis-2023-zeichnet-im-beisein-von-bundesminister-dr-volker-wissing-herausragende-bauwerke-aus\/"]}]},{"@type":"ImageObject","inLanguage":"de","@id":"https:\/\/ikth.de\/startseite\/deutscher-brueckenbaupreis-2023-zeichnet-im-beisein-von-bundesminister-dr-volker-wissing-herausragende-bauwerke-aus\/#primaryimage","url":"https:\/\/ikth.de\/wp-content\/uploads\/2023\/06\/52939163586_1a7a038a94_c.jpg","contentUrl":"https:\/\/ikth.de\/wp-content\/uploads\/2023\/06\/52939163586_1a7a038a94_c.jpg","width":799,"height":533,"caption":"Deutscher Br\u00fcckenbaupreis 2023 Festlichen Preisverleihung des \u201eDeutschen Br\u00fcckenbaupreis 2023\u201c im Rahmen des Dresdner Br\u00fcckenbausymposiums am 30. Mai 2023 in der Messe Dresden. Foto: Andr\u00e9 Wirsig :copyright: 2023 Andr\u00e9 Wirsig"},{"@type":"BreadcrumbList","@id":"https:\/\/ikth.de\/startseite\/deutscher-brueckenbaupreis-2023-zeichnet-im-beisein-von-bundesminister-dr-volker-wissing-herausragende-bauwerke-aus\/#breadcrumb","itemListElement":[{"@type":"ListItem","position":1,"name":"Startseite","item":"https:\/\/ikth.de\/startseite\/"},{"@type":"ListItem","position":2,"name":"Deutscher Br\u00fcckenbaupreis 2023 zeichnet im Beisein von Bundesminister Dr. Volker Wissing herausragende Bauwerke aus"}]},{"@type":"WebSite","@id":"https:\/\/ikth.de\/startseite\/#website","url":"https:\/\/ikth.de\/startseite\/","name":"Ingenieurkammer Th\u00fcringen","description":"","potentialAction":[{"@type":"SearchAction","target":{"@type":"EntryPoint","urlTemplate":"https:\/\/ikth.de\/startseite\/?s={search_term_string}"},"query-input":{"@type":"PropertyValueSpecification","valueRequired":true,"valueName":"search_term_string"}}],"inLanguage":"de"},{"@type":"Person","@id":"https:\/\/ikth.de\/startseite\/#\/schema\/person\/526a94beb97b2da25e3be97837f9b3a2","name":"FranziskaHartung","image":{"@type":"ImageObject","inLanguage":"de","@id":"https:\/\/ikth.de\/startseite\/#\/schema\/person\/image\/","url":"https:\/\/secure.gravatar.com\/avatar\/4e97a183a1ea9dc3ae27f4653e8b2df4ab4b9221e3e46e25bb1c8490c63d9e3b?s=96&d=mm&r=g","contentUrl":"https:\/\/secure.gravatar.com\/avatar\/4e97a183a1ea9dc3ae27f4653e8b2df4ab4b9221e3e46e25bb1c8490c63d9e3b?s=96&d=mm&r=g","caption":"FranziskaHartung"},"url":"https:\/\/ikth.de\/startseite\/author\/franziskahartung\/"}]}},"_links":{"self":[{"href":"https:\/\/ikth.de\/startseite\/wp-json\/wp\/v2\/posts\/5307","targetHints":{"allow":["GET"]}}],"collection":[{"href":"https:\/\/ikth.de\/startseite\/wp-json\/wp\/v2\/posts"}],"about":[{"href":"https:\/\/ikth.de\/startseite\/wp-json\/wp\/v2\/types\/post"}],"author":[{"embeddable":true,"href":"https:\/\/ikth.de\/startseite\/wp-json\/wp\/v2\/users\/7"}],"replies":[{"embeddable":true,"href":"https:\/\/ikth.de\/startseite\/wp-json\/wp\/v2\/comments?post=5307"}],"version-history":[{"count":1,"href":"https:\/\/ikth.de\/startseite\/wp-json\/wp\/v2\/posts\/5307\/revisions"}],"predecessor-version":[{"id":5309,"href":"https:\/\/ikth.de\/startseite\/wp-json\/wp\/v2\/posts\/5307\/revisions\/5309"}],"wp:featuredmedia":[{"embeddable":true,"href":"https:\/\/ikth.de\/startseite\/wp-json\/wp\/v2\/media\/5308"}],"wp:attachment":[{"href":"https:\/\/ikth.de\/startseite\/wp-json\/wp\/v2\/media?parent=5307"}],"wp:term":[{"taxonomy":"category","embeddable":true,"href":"https:\/\/ikth.de\/startseite\/wp-json\/wp\/v2\/categories?post=5307"},{"taxonomy":"post_tag","embeddable":true,"href":"https:\/\/ikth.de\/startseite\/wp-json\/wp\/v2\/tags?post=5307"}],"curies":[{"name":"wp","href":"https:\/\/api.w.org\/{rel}","templated":true}]}}