{"id":5300,"date":"2023-04-26T11:31:42","date_gmt":"2023-04-26T09:31:42","guid":{"rendered":"https:\/\/ikth.de\/startseite\/?p=5300"},"modified":"2023-05-31T13:19:06","modified_gmt":"2023-05-31T11:19:06","slug":"meinungsaustausch-zwischen-dem-vsvi-thueringen-e-v-dem-vbi-landesverband-thueringen-e-v-und-der-ingenieurkammer-thueringen","status":"publish","type":"post","link":"https:\/\/ikth.de\/startseite\/meinungsaustausch-zwischen-dem-vsvi-thueringen-e-v-dem-vbi-landesverband-thueringen-e-v-und-der-ingenieurkammer-thueringen\/","title":{"rendered":"Meinungsaustausch zwischen dem VSVI Th\u00fcringen e. V., dem VBI Landesverband Th\u00fcringen e. V. und der Ingenieurkammer Th\u00fcringen"},"content":{"rendered":"<p><span dir=\"ltr\" role=\"presentation\">Am 14. M\u00e4rz 2023 trafen sich der Pr\u00e4<\/span><span dir=\"ltr\" role=\"presentation\">sident des VSVI Th\u00fcringen e. V., Herr <\/span><span dir=\"ltr\" role=\"presentation\">Dr.<\/span> <span dir=\"ltr\" role=\"presentation\">Frank<\/span> <span dir=\"ltr\" role=\"presentation\">Gre\u00dfler,<\/span> <span dir=\"ltr\" role=\"presentation\">der<\/span> <span dir=\"ltr\" role=\"presentation\">Vizepr\u00e4sident<\/span> <span dir=\"ltr\" role=\"presentation\">des VSVI Th\u00fcringen e. V., Herr Dipl.-Ing. <\/span><span dir=\"ltr\" role=\"presentation\">Thomas Kleb, der Vorsitzende des VBI<\/span> <span dir=\"ltr\" role=\"presentation\">Landesverbandes Th\u00fcringen e. V., Herr <\/span><span dir=\"ltr\" role=\"presentation\">Dr.-Ing.<\/span> <span dir=\"ltr\" role=\"presentation\">Hans-Reinhard<\/span> <span dir=\"ltr\" role=\"presentation\">Hunger,<\/span> <span dir=\"ltr\" role=\"presentation\">Herr <\/span><span dir=\"ltr\" role=\"presentation\">Dr.-Ing.<\/span> <span dir=\"ltr\" role=\"presentation\">Hunger<\/span> <span dir=\"ltr\" role=\"presentation\">engagiert<\/span> <span dir=\"ltr\" role=\"presentation\">sich<\/span> <span dir=\"ltr\" role=\"presentation\">\u00fcber <\/span><span dir=\"ltr\" role=\"presentation\">dies ehrenamtlich als Vizepr\u00e4sident der <\/span><span dir=\"ltr\" role=\"presentation\">Ingenieurkammer<\/span> <span dir=\"ltr\" role=\"presentation\">Th\u00fcringen,<\/span> <span dir=\"ltr\" role=\"presentation\">und<\/span> <span dir=\"ltr\" role=\"presentation\">der<\/span> <span dir=\"ltr\" role=\"presentation\">Gesch\u00e4ftsf\u00fchrer der beruflichen Selbst<\/span><span dir=\"ltr\" role=\"presentation\">verwaltung der Ingenieurinnen und In<\/span><span dir=\"ltr\" role=\"presentation\">genieure in Th\u00fcringen, Herr Dr.-Ing. Rico <\/span><span dir=\"ltr\" role=\"presentation\">L\u00f6big, um sich \u00fcber die Rahmenbedin<\/span><span dir=\"ltr\" role=\"presentation\">gungen auszutauschen, mit denen sich <\/span><span dir=\"ltr\" role=\"presentation\">der Berufsstand gegenw\u00e4rtig auseinan<\/span><span dir=\"ltr\" role=\"presentation\">der setzen muss und welche Herausfor<\/span><span dir=\"ltr\" role=\"presentation\">derungen noch zu erwarten sind.<\/span><\/p>\n<p><span dir=\"ltr\" role=\"presentation\">Die regelm\u00e4\u00dfigen Treffen und der damit <\/span><span dir=\"ltr\" role=\"presentation\">verbundene direkte Austausch werden <\/span><span dir=\"ltr\" role=\"presentation\">von den Teilnehmern als eine geeigne<\/span><span dir=\"ltr\" role=\"presentation\">te Form der Netzwerkarbeit angesehen, <\/span><span dir=\"ltr\" role=\"presentation\">denn sowohl der fachliche Dialog als<\/span> <span dir=\"ltr\" role=\"presentation\">auch die Kontakte zwischen den Verei<\/span><span dir=\"ltr\" role=\"presentation\">nen und der Kammer k\u00f6nnen gepflegt<\/span> <span dir=\"ltr\" role=\"presentation\">werden.<\/span><\/p>\n<p><span dir=\"ltr\" role=\"presentation\">Themen die bei dem Treffen angespro<\/span><span dir=\"ltr\" role=\"presentation\">chen wurden waren u. a. die gegenw\u00e4rti<\/span><span dir=\"ltr\" role=\"presentation\">ge Situation in der Wertsch\u00f6pfungskette <\/span><span dir=\"ltr\" role=\"presentation\">Bau, die m\u00f6glichen Entwicklungen im<\/span> <span dir=\"ltr\" role=\"presentation\">Vergaberecht sowie der Fachkr\u00e4ftebe<\/span><span dir=\"ltr\" role=\"presentation\">darf. Nachfolgend wird darauf kurz Be<\/span><span dir=\"ltr\" role=\"presentation\">zug genommen.<\/span><\/p>\n<p><span dir=\"ltr\" role=\"presentation\">Im Vergleich zu anderen Branchen war <\/span><span dir=\"ltr\" role=\"presentation\">der<\/span> <span dir=\"ltr\" role=\"presentation\">planende<\/span> <span dir=\"ltr\" role=\"presentation\">Bereich<\/span> <span dir=\"ltr\" role=\"presentation\">auch<\/span> <span dir=\"ltr\" role=\"presentation\">nach<\/span> <span dir=\"ltr\" role=\"presentation\">der<\/span> <span dir=\"ltr\" role=\"presentation\">Pandemiezeit relativ wirtschaftlich soli<\/span><span dir=\"ltr\" role=\"presentation\">de aufgestellt. Gegenw\u00e4rtig ist jedoch zu <\/span><span dir=\"ltr\" role=\"presentation\">registrieren, dass aufgrund der Zinsent<\/span><span dir=\"ltr\" role=\"presentation\">wicklung insbesondere der Wohnungs<\/span><span dir=\"ltr\" role=\"presentation\">bau ins Stocken geraten ist.<\/span><\/p>\n<p><span dir=\"ltr\" role=\"presentation\">Das ambitionierte Ziel der Bundesregie<\/span><span dir=\"ltr\" role=\"presentation\">rung 400.000 neue Wohnungen j\u00e4hrlich <\/span><span dir=\"ltr\" role=\"presentation\">zu<\/span> <span dir=\"ltr\" role=\"presentation\">errichten,<\/span> <span dir=\"ltr\" role=\"presentation\">droht<\/span> <span dir=\"ltr\" role=\"presentation\">zu<\/span> <span dir=\"ltr\" role=\"presentation\">scheitern.<\/span> <span dir=\"ltr\" role=\"presentation\">Um<\/span> <span dir=\"ltr\" role=\"presentation\">eine Trendwende in diesem Bereich zu<\/span> <span dir=\"ltr\" role=\"presentation\">erreichen, m\u00fcssen durch die Bundesre<\/span><span dir=\"ltr\" role=\"presentation\">gierung ordnungspolitische sowie finan<\/span><span dir=\"ltr\" role=\"presentation\">zielle<\/span> <span dir=\"ltr\" role=\"presentation\">Weichen<\/span> <span dir=\"ltr\" role=\"presentation\">entsprechend<\/span> <span dir=\"ltr\" role=\"presentation\">gestellt<\/span> <span dir=\"ltr\" role=\"presentation\">werden, zumal die Schaffung von Wohn<\/span><span dir=\"ltr\" role=\"presentation\">raum mit sozial- und familienpolitischen <\/span><span dir=\"ltr\" role=\"presentation\">Aspekten wechselwirkt. <\/span><span dir=\"ltr\" role=\"presentation\">Die beabsichtigte \u00c4nderung des Verga<\/span><span dir=\"ltr\" role=\"presentation\">berechts wird zu einer erheblichen Zu<\/span><span dir=\"ltr\" role=\"presentation\">nahme<\/span> <span dir=\"ltr\" role=\"presentation\">europaweiter Ausschreibungen <\/span><span dir=\"ltr\" role=\"presentation\">f\u00fcr Planungsleistungen von Bauprojek<\/span><span dir=\"ltr\" role=\"presentation\">ten f\u00fchren.<\/span><\/p>\n<p><span dir=\"ltr\" role=\"presentation\">Eine Streichung des \u00a7 3 Abs. 7 Satz 2<\/span> <span dir=\"ltr\" role=\"presentation\">der Vergaberechtsverordnung (VgV) zur <\/span><span dir=\"ltr\" role=\"presentation\">Auftragswertberechnung von Planungs<\/span><span dir=\"ltr\" role=\"presentation\">leistungen hat zur Folge, dass die \u00f6ffent<\/span><span dir=\"ltr\" role=\"presentation\">liche Hand und auch die teilnehmenden <\/span><span dir=\"ltr\" role=\"presentation\">Unternehmen zus\u00e4tzlich belastet wer<\/span><span dir=\"ltr\" role=\"presentation\">den, da bei europaweiten Ausschreibun<\/span><span dir=\"ltr\" role=\"presentation\">gen<\/span> <span dir=\"ltr\" role=\"presentation\">der<\/span> <span dir=\"ltr\" role=\"presentation\">Bearbeitungsaufwand<\/span> <span dir=\"ltr\" role=\"presentation\">gr\u00f6\u00dfer<\/span> <span dir=\"ltr\" role=\"presentation\">ist. Auch Verz\u00f6gerungen bei der Planung <\/span><span dir=\"ltr\" role=\"presentation\">und Abwicklung von Bauprojekten sind <\/span><span dir=\"ltr\" role=\"presentation\">nicht auszuschlie\u00dfen.<\/span><\/p>\n<p><span dir=\"ltr\" role=\"presentation\">Zudem ist naheliegend, dass durch die <\/span><span dir=\"ltr\" role=\"presentation\">neue Regelung der Wettbewerb einge<\/span><span dir=\"ltr\" role=\"presentation\">schr\u00e4nkt wird, denn viele, vornehmlich <\/span><span dir=\"ltr\" role=\"presentation\">kleinere Mitgliedsb\u00fcros der L\u00e4nderin<\/span><span dir=\"ltr\" role=\"presentation\">genieurkammern, nehmen an \u00f6ffentlic<\/span><span dir=\"ltr\" role=\"presentation\">hen Vergabeverfahren nicht (oder nur <\/span><span dir=\"ltr\" role=\"presentation\">zur\u00fcckhaltend) teil. Dass der R\u00fcckzug<\/span> <span dir=\"ltr\" role=\"presentation\">von Ingenieurb\u00fcros von der \u00f6ffentlichen <\/span><span dir=\"ltr\" role=\"presentation\">Auftragsvergabe durch die weitere Zu<\/span><span dir=\"ltr\" role=\"presentation\">nahme von Formalismen forciert wird,<\/span> <span dir=\"ltr\" role=\"presentation\">erscheint plausibel. Ein an Dynamik ver<\/span><span dir=\"ltr\" role=\"presentation\">lierender Wettbewerb d\u00fcrfte auch wahr<\/span><span dir=\"ltr\" role=\"presentation\">nehmbare Konsequenzen f\u00fcr St\u00e4dte und <\/span><span dir=\"ltr\" role=\"presentation\">Kommunen hervorrufen und mit dem<\/span> <span dir=\"ltr\" role=\"presentation\">Effekt einhergehen, dass ein gut funktio<\/span><span dir=\"ltr\" role=\"presentation\">nierender und nahezu fl\u00e4chendeckender <\/span><span dir=\"ltr\" role=\"presentation\">Markt f\u00fcr Planungsleistungen gef\u00e4hrdet <\/span><span dir=\"ltr\" role=\"presentation\">wird. \u00dcberdies ist zu registrieren, dass<\/span> <span dir=\"ltr\" role=\"presentation\">es insbesondere bei Planungsleistungen <\/span><span dir=\"ltr\" role=\"presentation\">offenkundig keinen europ\u00e4ischen Anbie<\/span><span dir=\"ltr\" role=\"presentation\">termarkt zu geben scheint.<\/span> <span dir=\"ltr\" role=\"presentation\">Viele<\/span> <span dir=\"ltr\" role=\"presentation\">Ingenieurb\u00fcros<\/span> <span dir=\"ltr\" role=\"presentation\">leiden<\/span> <span dir=\"ltr\" role=\"presentation\">darunter, <\/span><span dir=\"ltr\" role=\"presentation\">dass zwar die Einstellung von Ingeni<\/span><span dir=\"ltr\" role=\"presentation\">eurpersonal<\/span> <span dir=\"ltr\" role=\"presentation\">beabsichtigt<\/span> <span dir=\"ltr\" role=\"presentation\">ist,<\/span> <span dir=\"ltr\" role=\"presentation\">jedoch<\/span> <span dir=\"ltr\" role=\"presentation\">kein passendes Personal zur Verf\u00fcgung <\/span><span dir=\"ltr\" role=\"presentation\">steht.<\/span><\/p>\n<p><span dir=\"ltr\" role=\"presentation\">Es ist offenkundig, dass insbesondere die <\/span><span dir=\"ltr\" role=\"presentation\">Position der \u201ekleinen Ingenieurb\u00fcros\u201c im <\/span><span dir=\"ltr\" role=\"presentation\">Wettbewerb<\/span> <span dir=\"ltr\" role=\"presentation\">um<\/span> <span dir=\"ltr\" role=\"presentation\">Mitarbeiterinnen<\/span> <span dir=\"ltr\" role=\"presentation\">und<\/span> <span dir=\"ltr\" role=\"presentation\">Mitarbeiter, auch das HOAI-Urteil vom 4.<\/span> <span dir=\"ltr\" role=\"presentation\">Juli 2019, und das daraus resultierende<\/span> <span dir=\"ltr\" role=\"presentation\">Vergabegebaren einer wahrnehmbaren <\/span><span dir=\"ltr\" role=\"presentation\">Anzahl<\/span> <span dir=\"ltr\" role=\"presentation\">\u00f6ffentlicher<\/span> <span dir=\"ltr\" role=\"presentation\">Auftraggeber<\/span> <span dir=\"ltr\" role=\"presentation\">ha<\/span><span dir=\"ltr\" role=\"presentation\">ben dazu beigetragen, eine Schw\u00e4chung <\/span><span dir=\"ltr\" role=\"presentation\">erfahren hat. Die \u201eNachlasskultur\u201c bei <\/span><span dir=\"ltr\" role=\"presentation\">der<\/span> <span dir=\"ltr\" role=\"presentation\">Vergabe<\/span> <span dir=\"ltr\" role=\"presentation\">von<\/span> <span dir=\"ltr\" role=\"presentation\">Ingenieurdienstleis<\/span><span dir=\"ltr\" role=\"presentation\">tungen<\/span> <span dir=\"ltr\" role=\"presentation\">beeinflusst<\/span> <span dir=\"ltr\" role=\"presentation\">die<\/span> <span dir=\"ltr\" role=\"presentation\">M\u00f6glichkeiten,<\/span> <span dir=\"ltr\" role=\"presentation\">die den Ingenieurb\u00fcros im Wettbewerb <\/span><span dir=\"ltr\" role=\"presentation\">um Fachkr\u00e4fte zur Verf\u00fcgung stehen. <\/span><span dir=\"ltr\" role=\"presentation\">Naheliegende<\/span> <span dir=\"ltr\" role=\"presentation\">Schlussfolgerung<\/span> <span dir=\"ltr\" role=\"presentation\">ist,<\/span> <span dir=\"ltr\" role=\"presentation\">dass es auch immer schwieriger werden <\/span><span dir=\"ltr\" role=\"presentation\">d\u00fcrfte, Nachfolgeregelungen f\u00fcr Ingeni<\/span><span dir=\"ltr\" role=\"presentation\">eurb\u00fcros erfolgreich zu gestalten. Der <\/span><span dir=\"ltr\" role=\"presentation\">Altersdurchschnitt in der Mitgliedschaft <\/span><span dir=\"ltr\" role=\"presentation\">der beiden Vereine und der Kammer ist <\/span><span dir=\"ltr\" role=\"presentation\">ein weiteres Indiz daf\u00fcr, dass sich der <\/span><span dir=\"ltr\" role=\"presentation\">Trend, weg von der beruflichen Selbst<\/span><span dir=\"ltr\" role=\"presentation\">st\u00e4ndigkeit<\/span> <span dir=\"ltr\" role=\"presentation\">hin<\/span> <span dir=\"ltr\" role=\"presentation\">zu<\/span> <span dir=\"ltr\" role=\"presentation\">Besch\u00e4ftigungen<\/span> <span dir=\"ltr\" role=\"presentation\">im<\/span> <span dir=\"ltr\" role=\"presentation\">Angestelltenverh\u00e4ltnis,<\/span> <span dir=\"ltr\" role=\"presentation\">verstetigt. <\/span><span dir=\"ltr\" role=\"presentation\">Die<\/span> <span dir=\"ltr\" role=\"presentation\">demografische<\/span> <span dir=\"ltr\" role=\"presentation\">Entwicklung,<\/span> <span dir=\"ltr\" role=\"presentation\">Ar<\/span><span dir=\"ltr\" role=\"presentation\">beits-<\/span> <span dir=\"ltr\" role=\"presentation\">und<\/span> <span dir=\"ltr\" role=\"presentation\">Entlohnungsm\u00f6glichkeiten <\/span><span dir=\"ltr\" role=\"presentation\">im<\/span> <span dir=\"ltr\" role=\"presentation\">\u00d6ffentlichen<\/span> <span dir=\"ltr\" role=\"presentation\">Dienst<\/span> <span dir=\"ltr\" role=\"presentation\">gekoppelt<\/span> <span dir=\"ltr\" role=\"presentation\">mit<\/span> <span dir=\"ltr\" role=\"presentation\">Work-Life-Balance-Anspr\u00fcchen<\/span> <span dir=\"ltr\" role=\"presentation\">sowie<\/span> <span dir=\"ltr\" role=\"presentation\">die Anzahl an zu erwartenden Absolven<\/span><span dir=\"ltr\" role=\"presentation\">tinnen und Absolventen ingenieurtech<\/span><span dir=\"ltr\" role=\"presentation\">nischer Fachrichtungen weisen darauf<\/span> <span dir=\"ltr\" role=\"presentation\">hin, dass die meisten Ingenieurb\u00fcros ih<\/span><span dir=\"ltr\" role=\"presentation\">ren Personalbedarf zunehmend schwe<\/span><span dir=\"ltr\" role=\"presentation\">rer decken werden k\u00f6nnen.<\/span><\/p>\n<p><span dir=\"ltr\" role=\"presentation\">Ein hochentwickeltes Industrieland ist <\/span><span dir=\"ltr\" role=\"presentation\">auf<\/span> <span dir=\"ltr\" role=\"presentation\">Fachpersonal<\/span> <span dir=\"ltr\" role=\"presentation\">angewiesen.<\/span> <span dir=\"ltr\" role=\"presentation\">Insbe<\/span><span dir=\"ltr\" role=\"presentation\">sondere<\/span> <span dir=\"ltr\" role=\"presentation\">der<\/span> <span dir=\"ltr\" role=\"presentation\">ausgepr\u00e4gte<\/span> <span dir=\"ltr\" role=\"presentation\">Mangel<\/span> <span dir=\"ltr\" role=\"presentation\">im<\/span> <span dir=\"ltr\" role=\"presentation\">MINT-Bereich gibt Anlass zur Sorge, den <\/span><span dir=\"ltr\" role=\"presentation\">eine zu geringe Anzahl an Ingenieurin<\/span><span dir=\"ltr\" role=\"presentation\">nen und Ingenieuren bedingt, dass sich<\/span> <span dir=\"ltr\" role=\"presentation\">der Infrastruktur, der Energieversorgung<\/span> <span dir=\"ltr\" role=\"presentation\">und anderen Technologiebereichen nicht <\/span><span dir=\"ltr\" role=\"presentation\">mehr so gewidmet werden kann, wie<\/span> <span dir=\"ltr\" role=\"presentation\">es eigentlich die angek\u00fcndigten Trans<\/span><span dir=\"ltr\" role=\"presentation\">formationsprozesse<\/span> <span dir=\"ltr\" role=\"presentation\">erfordern.<\/span> <span dir=\"ltr\" role=\"presentation\">Immer<\/span> <span dir=\"ltr\" role=\"presentation\">weniger Studierende, die MINT-F\u00e4cher <\/span><span dir=\"ltr\" role=\"presentation\">belegen, die bereits jetzt bestehende<\/span> <span dir=\"ltr\" role=\"presentation\">Personall\u00fccke in MINT-Berufen und der <\/span><span dir=\"ltr\" role=\"presentation\">in den kommenden Jahren anstehen<\/span><span dir=\"ltr\" role=\"presentation\">de<\/span> <span dir=\"ltr\" role=\"presentation\">Renteneintritt<\/span> <span dir=\"ltr\" role=\"presentation\">von<\/span> <span dir=\"ltr\" role=\"presentation\">MINT-Personal<\/span> <span dir=\"ltr\" role=\"presentation\">darf vielleicht als \u201etoxische Mischung\u201c<\/span> <span dir=\"ltr\" role=\"presentation\">eingesch\u00e4tzt werden, die das Potential<\/span> <span dir=\"ltr\" role=\"presentation\">aufweist, die Wettbewerbsf\u00e4higkeit, die <\/span><span dir=\"ltr\" role=\"presentation\">Innovationskraft<\/span> <span dir=\"ltr\" role=\"presentation\">und<\/span> <span dir=\"ltr\" role=\"presentation\">letztendlich<\/span> <span dir=\"ltr\" role=\"presentation\">den<\/span> <span dir=\"ltr\" role=\"presentation\">Wohlstand von Deutschland zu gef\u00e4hr<\/span><span dir=\"ltr\" role=\"presentation\">den.<\/span><\/p>\n<p><br role=\"presentation\" \/><em><span dir=\"ltr\" role=\"presentation\">Dr.-Ing. Rico L\u00f6big<\/span><\/em><br role=\"presentation\" \/><em><span dir=\"ltr\" role=\"presentation\">Gesch\u00e4ftsf\u00fchrer der Ingenieurkammer<\/span><\/em><br role=\"presentation\" \/><em><span dir=\"ltr\" role=\"presentation\">Th\u00fcringen<\/span><\/em><\/p>\n<h6><span style=\"color: #999999;\">Bild: &lt;a href=&#8220;https:\/\/de.freepik.com\/fotos-kostenlos\/diverse-freunde-versammeln-sich_2892721.htm#query=dialog&amp;position=45&amp;from_view=search&amp;track=sph&#8220;&gt;Bild von rawpixel.com&lt;\/a&gt; auf Freepik<\/span><\/h6>\n","protected":false},"excerpt":{"rendered":"<p>Am 14. M\u00e4rz 2023 trafen sich der Pr\u00e4sident des VSVI Th\u00fcringen e. V., Herr Dr. Frank Gre\u00dfler, der Vizepr\u00e4sident des VSVI Th\u00fcringen e. V., Herr Dipl.-Ing. Thomas Kleb, der Vorsitzende&hellip;<\/p>\n","protected":false},"author":7,"featured_media":5301,"comment_status":"closed","ping_status":"closed","sticky":false,"template":"","format":"standard","meta":{"_acf_changed":false,"footnotes":""},"categories":[313,76],"tags":[],"class_list":{"0":"post-5300","1":"post","2":"type-post","3":"status-publish","4":"format-standard","5":"has-post-thumbnail","6":"hentry","7":"category-313","8":"category-news","10":"category-76","11":"description-off"},"acf":[],"yoast_head":"<!-- This site is optimized with the Yoast SEO plugin v26.4 - https:\/\/yoast.com\/wordpress\/plugins\/seo\/ -->\n<title>Meinungsaustausch zwischen dem VSVI Th\u00fcringen e. V., dem VBI Landesverband Th\u00fcringen e. V. und der Ingenieurkammer Th\u00fcringen - Ingenieurkammer Th\u00fcringen<\/title>\n<meta name=\"description\" content=\"0\" \/>\n<meta name=\"robots\" content=\"index, follow, max-snippet:-1, max-image-preview:large, max-video-preview:-1\" \/>\n<link rel=\"canonical\" href=\"https:\/\/ikth.de\/startseite\/meinungsaustausch-zwischen-dem-vsvi-thueringen-e-v-dem-vbi-landesverband-thueringen-e-v-und-der-ingenieurkammer-thueringen\/\" \/>\n<meta property=\"og:locale\" content=\"de_DE\" \/>\n<meta property=\"og:type\" content=\"article\" \/>\n<meta property=\"og:title\" content=\"Meinungsaustausch zwischen dem VSVI Th\u00fcringen e. V., dem VBI Landesverband Th\u00fcringen e. V. und der Ingenieurkammer Th\u00fcringen - Ingenieurkammer Th\u00fcringen\" \/>\n<meta property=\"og:description\" content=\"Am 14. M\u00e4rz 2023 trafen sich der Pr\u00e4sident des VSVI Th\u00fcringen e. V., Herr Dr. Frank Gre\u00dfler, der Vizepr\u00e4sident des VSVI Th\u00fcringen e. V., Herr Dipl.-Ing. Thomas Kleb, der Vorsitzende&hellip;\" \/>\n<meta property=\"og:url\" content=\"https:\/\/ikth.de\/startseite\/meinungsaustausch-zwischen-dem-vsvi-thueringen-e-v-dem-vbi-landesverband-thueringen-e-v-und-der-ingenieurkammer-thueringen\/\" \/>\n<meta property=\"og:site_name\" content=\"Ingenieurkammer Th\u00fcringen\" \/>\n<meta property=\"article:published_time\" content=\"2023-04-26T09:31:42+00:00\" \/>\n<meta property=\"article:modified_time\" content=\"2023-05-31T11:19:06+00:00\" \/>\n<meta property=\"og:image\" content=\"https:\/\/ikth.de\/wp-content\/uploads\/2023\/05\/diverse-freunde-versammeln-sich-scaled-e1685525633132.jpg\" \/>\n\t<meta property=\"og:image:width\" content=\"1500\" \/>\n\t<meta property=\"og:image:height\" content=\"1001\" \/>\n\t<meta property=\"og:image:type\" content=\"image\/jpeg\" \/>\n<meta name=\"author\" content=\"FranziskaHartung\" \/>\n<meta name=\"twitter:card\" content=\"summary_large_image\" \/>\n<meta name=\"twitter:label1\" content=\"Verfasst von\" \/>\n\t<meta name=\"twitter:data1\" content=\"FranziskaHartung\" \/>\n\t<meta name=\"twitter:label2\" content=\"Gesch\u00e4tzte Lesezeit\" \/>\n\t<meta name=\"twitter:data2\" content=\"4\u00a0Minuten\" \/>\n<script type=\"application\/ld+json\" class=\"yoast-schema-graph\">{\"@context\":\"https:\/\/schema.org\",\"@graph\":[{\"@type\":\"WebPage\",\"@id\":\"https:\/\/ikth.de\/startseite\/meinungsaustausch-zwischen-dem-vsvi-thueringen-e-v-dem-vbi-landesverband-thueringen-e-v-und-der-ingenieurkammer-thueringen\/\",\"url\":\"https:\/\/ikth.de\/startseite\/meinungsaustausch-zwischen-dem-vsvi-thueringen-e-v-dem-vbi-landesverband-thueringen-e-v-und-der-ingenieurkammer-thueringen\/\",\"name\":\"Meinungsaustausch zwischen dem VSVI Th\u00fcringen e. V., dem VBI Landesverband Th\u00fcringen e. V. und der Ingenieurkammer Th\u00fcringen - Ingenieurkammer Th\u00fcringen\",\"isPartOf\":{\"@id\":\"https:\/\/ikth.de\/startseite\/#website\"},\"primaryImageOfPage\":{\"@id\":\"https:\/\/ikth.de\/startseite\/meinungsaustausch-zwischen-dem-vsvi-thueringen-e-v-dem-vbi-landesverband-thueringen-e-v-und-der-ingenieurkammer-thueringen\/#primaryimage\"},\"image\":{\"@id\":\"https:\/\/ikth.de\/startseite\/meinungsaustausch-zwischen-dem-vsvi-thueringen-e-v-dem-vbi-landesverband-thueringen-e-v-und-der-ingenieurkammer-thueringen\/#primaryimage\"},\"thumbnailUrl\":\"https:\/\/ikth.de\/wp-content\/uploads\/2023\/05\/diverse-freunde-versammeln-sich-scaled-e1685525633132.jpg\",\"datePublished\":\"2023-04-26T09:31:42+00:00\",\"dateModified\":\"2023-05-31T11:19:06+00:00\",\"author\":{\"@id\":\"https:\/\/ikth.de\/startseite\/#\/schema\/person\/526a94beb97b2da25e3be97837f9b3a2\"},\"breadcrumb\":{\"@id\":\"https:\/\/ikth.de\/startseite\/meinungsaustausch-zwischen-dem-vsvi-thueringen-e-v-dem-vbi-landesverband-thueringen-e-v-und-der-ingenieurkammer-thueringen\/#breadcrumb\"},\"inLanguage\":\"de\",\"potentialAction\":[{\"@type\":\"ReadAction\",\"target\":[\"https:\/\/ikth.de\/startseite\/meinungsaustausch-zwischen-dem-vsvi-thueringen-e-v-dem-vbi-landesverband-thueringen-e-v-und-der-ingenieurkammer-thueringen\/\"]}]},{\"@type\":\"ImageObject\",\"inLanguage\":\"de\",\"@id\":\"https:\/\/ikth.de\/startseite\/meinungsaustausch-zwischen-dem-vsvi-thueringen-e-v-dem-vbi-landesverband-thueringen-e-v-und-der-ingenieurkammer-thueringen\/#primaryimage\",\"url\":\"https:\/\/ikth.de\/wp-content\/uploads\/2023\/05\/diverse-freunde-versammeln-sich-scaled-e1685525633132.jpg\",\"contentUrl\":\"https:\/\/ikth.de\/wp-content\/uploads\/2023\/05\/diverse-freunde-versammeln-sich-scaled-e1685525633132.jpg\",\"width\":1500,\"height\":1001,\"caption\":\"Beispielbild f\u00fcr den Dialog zwischen Menschen\"},{\"@type\":\"BreadcrumbList\",\"@id\":\"https:\/\/ikth.de\/startseite\/meinungsaustausch-zwischen-dem-vsvi-thueringen-e-v-dem-vbi-landesverband-thueringen-e-v-und-der-ingenieurkammer-thueringen\/#breadcrumb\",\"itemListElement\":[{\"@type\":\"ListItem\",\"position\":1,\"name\":\"Startseite\",\"item\":\"https:\/\/ikth.de\/startseite\/\"},{\"@type\":\"ListItem\",\"position\":2,\"name\":\"Meinungsaustausch zwischen dem VSVI Th\u00fcringen e. V., dem VBI Landesverband Th\u00fcringen e. V. und der Ingenieurkammer Th\u00fcringen\"}]},{\"@type\":\"WebSite\",\"@id\":\"https:\/\/ikth.de\/startseite\/#website\",\"url\":\"https:\/\/ikth.de\/startseite\/\",\"name\":\"Ingenieurkammer Th\u00fcringen\",\"description\":\"\",\"potentialAction\":[{\"@type\":\"SearchAction\",\"target\":{\"@type\":\"EntryPoint\",\"urlTemplate\":\"https:\/\/ikth.de\/startseite\/?s={search_term_string}\"},\"query-input\":{\"@type\":\"PropertyValueSpecification\",\"valueRequired\":true,\"valueName\":\"search_term_string\"}}],\"inLanguage\":\"de\"},{\"@type\":\"Person\",\"@id\":\"https:\/\/ikth.de\/startseite\/#\/schema\/person\/526a94beb97b2da25e3be97837f9b3a2\",\"name\":\"FranziskaHartung\",\"image\":{\"@type\":\"ImageObject\",\"inLanguage\":\"de\",\"@id\":\"https:\/\/ikth.de\/startseite\/#\/schema\/person\/image\/\",\"url\":\"https:\/\/secure.gravatar.com\/avatar\/4e97a183a1ea9dc3ae27f4653e8b2df4ab4b9221e3e46e25bb1c8490c63d9e3b?s=96&d=mm&r=g\",\"contentUrl\":\"https:\/\/secure.gravatar.com\/avatar\/4e97a183a1ea9dc3ae27f4653e8b2df4ab4b9221e3e46e25bb1c8490c63d9e3b?s=96&d=mm&r=g\",\"caption\":\"FranziskaHartung\"},\"url\":\"https:\/\/ikth.de\/startseite\/author\/franziskahartung\/\"}]}<\/script>\n<!-- \/ Yoast SEO plugin. -->","yoast_head_json":{"title":"Meinungsaustausch zwischen dem VSVI Th\u00fcringen e. V., dem VBI Landesverband Th\u00fcringen e. V. und der Ingenieurkammer Th\u00fcringen - Ingenieurkammer Th\u00fcringen","robots":{"index":"index","follow":"follow","max-snippet":"max-snippet:-1","max-image-preview":"max-image-preview:large","max-video-preview":"max-video-preview:-1"},"canonical":"https:\/\/ikth.de\/startseite\/meinungsaustausch-zwischen-dem-vsvi-thueringen-e-v-dem-vbi-landesverband-thueringen-e-v-und-der-ingenieurkammer-thueringen\/","og_locale":"de_DE","og_type":"article","og_title":"Meinungsaustausch zwischen dem VSVI Th\u00fcringen e. V., dem VBI Landesverband Th\u00fcringen e. V. und der Ingenieurkammer Th\u00fcringen - Ingenieurkammer Th\u00fcringen","og_description":"Am 14. M\u00e4rz 2023 trafen sich der Pr\u00e4sident des VSVI Th\u00fcringen e. V., Herr Dr. Frank Gre\u00dfler, der Vizepr\u00e4sident des VSVI Th\u00fcringen e. V., Herr Dipl.-Ing. Thomas Kleb, der Vorsitzende&hellip;","og_url":"https:\/\/ikth.de\/startseite\/meinungsaustausch-zwischen-dem-vsvi-thueringen-e-v-dem-vbi-landesverband-thueringen-e-v-und-der-ingenieurkammer-thueringen\/","og_site_name":"Ingenieurkammer Th\u00fcringen","article_published_time":"2023-04-26T09:31:42+00:00","article_modified_time":"2023-05-31T11:19:06+00:00","og_image":[{"width":1500,"height":1001,"url":"https:\/\/ikth.de\/wp-content\/uploads\/2023\/05\/diverse-freunde-versammeln-sich-scaled-e1685525633132.jpg","type":"image\/jpeg"}],"author":"FranziskaHartung","twitter_card":"summary_large_image","twitter_misc":{"Verfasst von":"FranziskaHartung","Gesch\u00e4tzte Lesezeit":"4\u00a0Minuten"},"schema":{"@context":"https:\/\/schema.org","@graph":[{"@type":"WebPage","@id":"https:\/\/ikth.de\/startseite\/meinungsaustausch-zwischen-dem-vsvi-thueringen-e-v-dem-vbi-landesverband-thueringen-e-v-und-der-ingenieurkammer-thueringen\/","url":"https:\/\/ikth.de\/startseite\/meinungsaustausch-zwischen-dem-vsvi-thueringen-e-v-dem-vbi-landesverband-thueringen-e-v-und-der-ingenieurkammer-thueringen\/","name":"Meinungsaustausch zwischen dem VSVI Th\u00fcringen e. V., dem VBI Landesverband Th\u00fcringen e. V. und der Ingenieurkammer Th\u00fcringen - Ingenieurkammer Th\u00fcringen","isPartOf":{"@id":"https:\/\/ikth.de\/startseite\/#website"},"primaryImageOfPage":{"@id":"https:\/\/ikth.de\/startseite\/meinungsaustausch-zwischen-dem-vsvi-thueringen-e-v-dem-vbi-landesverband-thueringen-e-v-und-der-ingenieurkammer-thueringen\/#primaryimage"},"image":{"@id":"https:\/\/ikth.de\/startseite\/meinungsaustausch-zwischen-dem-vsvi-thueringen-e-v-dem-vbi-landesverband-thueringen-e-v-und-der-ingenieurkammer-thueringen\/#primaryimage"},"thumbnailUrl":"https:\/\/ikth.de\/wp-content\/uploads\/2023\/05\/diverse-freunde-versammeln-sich-scaled-e1685525633132.jpg","datePublished":"2023-04-26T09:31:42+00:00","dateModified":"2023-05-31T11:19:06+00:00","author":{"@id":"https:\/\/ikth.de\/startseite\/#\/schema\/person\/526a94beb97b2da25e3be97837f9b3a2"},"breadcrumb":{"@id":"https:\/\/ikth.de\/startseite\/meinungsaustausch-zwischen-dem-vsvi-thueringen-e-v-dem-vbi-landesverband-thueringen-e-v-und-der-ingenieurkammer-thueringen\/#breadcrumb"},"inLanguage":"de","potentialAction":[{"@type":"ReadAction","target":["https:\/\/ikth.de\/startseite\/meinungsaustausch-zwischen-dem-vsvi-thueringen-e-v-dem-vbi-landesverband-thueringen-e-v-und-der-ingenieurkammer-thueringen\/"]}]},{"@type":"ImageObject","inLanguage":"de","@id":"https:\/\/ikth.de\/startseite\/meinungsaustausch-zwischen-dem-vsvi-thueringen-e-v-dem-vbi-landesverband-thueringen-e-v-und-der-ingenieurkammer-thueringen\/#primaryimage","url":"https:\/\/ikth.de\/wp-content\/uploads\/2023\/05\/diverse-freunde-versammeln-sich-scaled-e1685525633132.jpg","contentUrl":"https:\/\/ikth.de\/wp-content\/uploads\/2023\/05\/diverse-freunde-versammeln-sich-scaled-e1685525633132.jpg","width":1500,"height":1001,"caption":"Beispielbild f\u00fcr den Dialog zwischen Menschen"},{"@type":"BreadcrumbList","@id":"https:\/\/ikth.de\/startseite\/meinungsaustausch-zwischen-dem-vsvi-thueringen-e-v-dem-vbi-landesverband-thueringen-e-v-und-der-ingenieurkammer-thueringen\/#breadcrumb","itemListElement":[{"@type":"ListItem","position":1,"name":"Startseite","item":"https:\/\/ikth.de\/startseite\/"},{"@type":"ListItem","position":2,"name":"Meinungsaustausch zwischen dem VSVI Th\u00fcringen e. V., dem VBI Landesverband Th\u00fcringen e. V. und der Ingenieurkammer Th\u00fcringen"}]},{"@type":"WebSite","@id":"https:\/\/ikth.de\/startseite\/#website","url":"https:\/\/ikth.de\/startseite\/","name":"Ingenieurkammer Th\u00fcringen","description":"","potentialAction":[{"@type":"SearchAction","target":{"@type":"EntryPoint","urlTemplate":"https:\/\/ikth.de\/startseite\/?s={search_term_string}"},"query-input":{"@type":"PropertyValueSpecification","valueRequired":true,"valueName":"search_term_string"}}],"inLanguage":"de"},{"@type":"Person","@id":"https:\/\/ikth.de\/startseite\/#\/schema\/person\/526a94beb97b2da25e3be97837f9b3a2","name":"FranziskaHartung","image":{"@type":"ImageObject","inLanguage":"de","@id":"https:\/\/ikth.de\/startseite\/#\/schema\/person\/image\/","url":"https:\/\/secure.gravatar.com\/avatar\/4e97a183a1ea9dc3ae27f4653e8b2df4ab4b9221e3e46e25bb1c8490c63d9e3b?s=96&d=mm&r=g","contentUrl":"https:\/\/secure.gravatar.com\/avatar\/4e97a183a1ea9dc3ae27f4653e8b2df4ab4b9221e3e46e25bb1c8490c63d9e3b?s=96&d=mm&r=g","caption":"FranziskaHartung"},"url":"https:\/\/ikth.de\/startseite\/author\/franziskahartung\/"}]}},"_links":{"self":[{"href":"https:\/\/ikth.de\/startseite\/wp-json\/wp\/v2\/posts\/5300","targetHints":{"allow":["GET"]}}],"collection":[{"href":"https:\/\/ikth.de\/startseite\/wp-json\/wp\/v2\/posts"}],"about":[{"href":"https:\/\/ikth.de\/startseite\/wp-json\/wp\/v2\/types\/post"}],"author":[{"embeddable":true,"href":"https:\/\/ikth.de\/startseite\/wp-json\/wp\/v2\/users\/7"}],"replies":[{"embeddable":true,"href":"https:\/\/ikth.de\/startseite\/wp-json\/wp\/v2\/comments?post=5300"}],"version-history":[{"count":1,"href":"https:\/\/ikth.de\/startseite\/wp-json\/wp\/v2\/posts\/5300\/revisions"}],"predecessor-version":[{"id":5302,"href":"https:\/\/ikth.de\/startseite\/wp-json\/wp\/v2\/posts\/5300\/revisions\/5302"}],"wp:featuredmedia":[{"embeddable":true,"href":"https:\/\/ikth.de\/startseite\/wp-json\/wp\/v2\/media\/5301"}],"wp:attachment":[{"href":"https:\/\/ikth.de\/startseite\/wp-json\/wp\/v2\/media?parent=5300"}],"wp:term":[{"taxonomy":"category","embeddable":true,"href":"https:\/\/ikth.de\/startseite\/wp-json\/wp\/v2\/categories?post=5300"},{"taxonomy":"post_tag","embeddable":true,"href":"https:\/\/ikth.de\/startseite\/wp-json\/wp\/v2\/tags?post=5300"}],"curies":[{"name":"wp","href":"https:\/\/api.w.org\/{rel}","templated":true}]}}