{"id":2338,"date":"2019-03-01T14:41:19","date_gmt":"2019-03-01T13:41:19","guid":{"rendered":"https:\/\/ikth.de\/startseite\/gewinner-des-bundesweiten-schuelerwettbewerbs-junior-ing-stehen-fest-copy-3\/"},"modified":"2021-07-01T15:56:40","modified_gmt":"2021-07-01T13:56:40","slug":"generalanwalt-haelt-mindest-und-hoechstsaetze-fuer-eu-rechtswidrig","status":"publish","type":"post","link":"https:\/\/ikth.de\/startseite\/generalanwalt-haelt-mindest-und-hoechstsaetze-fuer-eu-rechtswidrig\/","title":{"rendered":"Generalanwalt h\u00e4lt Mindest- und H\u00f6chsts\u00e4tze f\u00fcr EU-rechtswidrig"},"content":{"rendered":"<div class=\"wpb-content-wrapper\"><p>[vc_row][vc_column width=&#8220;5\/6&#8243;][vc_column_text]Im Klageverfahren vor dem Europ\u00e4ischen Gerichtshof (EuGH) hat Generalanwalt Szpunar in seinen am 28.02.2019 ver\u00f6ffentlichten Schlussantr\u00e4gen zum Ausdruck gebracht, dass er die Verbindlichkeit der Mindest- und H\u00f6chsts\u00e4tze der Honorar- und Geb\u00fchrenordnung f\u00fcr Architekten und Ingenieure (HOAI) f\u00fcr unvereinbar mit dem EU-Recht h\u00e4lt. Aus seiner Sicht behindern diese in unzul\u00e4ssiger Weise die Niederlassungsfreiheit, weil sie Ingenieuren und Architekten und nicht die M\u00f6glichkeit g\u00e4ben, sich \u00fcber niedrigere Preise im Markt zu etablieren.<\/p>\n<p>Sollte der EuGH den Ausf\u00fchrungen des Generalanwalts folgen, bef\u00fcrchtet die Bundesingenieurkammer gro\u00dfe Nachteile vor allem f\u00fcr die Verbraucher. \u201eEin Wegfall des Preisrahmens, den die HOAI vorgibt, w\u00fcrde die Qualit\u00e4t beim Planen und Bauen massiv gef\u00e4hrden\u201c, betonte der Pr\u00e4sident der Bundesingenieurkammer, Dipl.-Ing. Hans-Ullrich Kammeyer. \u201cJeder wei\u00df, dass f\u00fcr einen zu niedrigen Preis keine hinreichende Qualit\u00e4t geliefert werden kann \u2013 das gilt auch f\u00fcr Ingenieurleistungen. Daher bef\u00fcrchten wir, dass nach einem Wegfall der Mindests\u00e4tze der HOAI nur noch der Preis dar\u00fcber entscheidet, was bzw. wie geplant und gebaut wird. Die Qualit\u00e4t w\u00e4re dann zweitrangig. Wer beim Planen spart, zahlt hinterher beim Bauen drauf\u201c, f\u00fchrt Dipl.-Ing. Hans-Ullrich Kammeyer erg\u00e4nzend aus.<\/p>\n<p>Zuvor haben die Planerorganisationen gemeinsam mit der Bundesregierung alles f\u00fcr den Erhalt der Mindest- und H\u00f6chsts\u00e4tze der HOAI getan. Daher dankte Hans-Ullrich Kammeyer der Bundesregierung und insbesondere dem Bundeswirtschaftsministerium f\u00fcr ihr Engagement und sagte: \u201eIch hoffe sehr, dass das letzte Wort in dem Verfahren noch nicht gesprochen ist.\u201c<\/p>\n<p>Das Urteil des EuGH wird f\u00fcr das zweite oder dritte Quartal 2019 erwartet.<\/p>\n<p>Weitere Informationen zu den Schlussantr\u00e4gen demn\u00e4cht <a href=\"http:\/\/https\/bit.ly\/2EDTBX0\">auf den Seiten des EuGH<\/a> und unter <a href=\"http:\/\/www.bingk.de\">www.bingk.de<\/a>[\/vc_column_text][\/vc_column][vc_column width=&#8220;1\/6&#8243;][\/vc_column][\/vc_row][vc_row][vc_column][vc_separator][\/vc_column][\/vc_row]<\/p>\n<\/div>","protected":false},"excerpt":{"rendered":"<p>[vc_row][vc_column width=&#8220;5\/6&#8243;][vc_column_text]Im Klageverfahren vor dem Europ\u00e4ischen Gerichtshof (EuGH) hat Generalanwalt Szpunar in seinen am 28.02.2019 ver\u00f6ffentlichten Schlussantr\u00e4gen zum Ausdruck gebracht, dass er die Verbindlichkeit der Mindest- und H\u00f6chsts\u00e4tze der Honorar-&hellip;<\/p>\n","protected":false},"author":6,"featured_media":0,"comment_status":"closed","ping_status":"closed","sticky":false,"template":"","format":"standard","meta":{"_acf_changed":false,"footnotes":""},"categories":[126,1,80,76],"tags":[136,32,30,148],"class_list":{"0":"post-2338","1":"post","2":"type-post","3":"status-publish","4":"format-standard","5":"hentry","6":"category-126","7":"category-allgemein","8":"category-bingk","9":"category-news","10":"tag-bingk","11":"tag-ingenieure","12":"tag-ingenieurkammer-thueringen","13":"tag-schlussantraegen","15":"category-1","16":"category-80","17":"category-76","18":"description-off"},"acf":[],"yoast_head":"<!-- This site is optimized with the Yoast SEO plugin v26.4 - https:\/\/yoast.com\/wordpress\/plugins\/seo\/ -->\n<title>Generalanwalt h\u00e4lt Mindest- und H\u00f6chsts\u00e4tze f\u00fcr EU-rechtswidrig - Ingenieurkammer Th\u00fcringen<\/title>\n<meta name=\"description\" content=\"0\" \/>\n<meta name=\"robots\" content=\"index, follow, max-snippet:-1, max-image-preview:large, max-video-preview:-1\" \/>\n<link rel=\"canonical\" href=\"https:\/\/ikth.de\/startseite\/generalanwalt-haelt-mindest-und-hoechstsaetze-fuer-eu-rechtswidrig\/\" \/>\n<meta property=\"og:locale\" content=\"de_DE\" \/>\n<meta property=\"og:type\" content=\"article\" \/>\n<meta property=\"og:title\" content=\"Generalanwalt h\u00e4lt Mindest- und H\u00f6chsts\u00e4tze f\u00fcr EU-rechtswidrig - Ingenieurkammer Th\u00fcringen\" \/>\n<meta property=\"og:description\" content=\"[vc_row][vc_column width=&#8220;5\/6&#8243;][vc_column_text]Im Klageverfahren vor dem Europ\u00e4ischen Gerichtshof (EuGH) hat Generalanwalt Szpunar in seinen am 28.02.2019 ver\u00f6ffentlichten Schlussantr\u00e4gen zum Ausdruck gebracht, dass er die Verbindlichkeit der Mindest- und H\u00f6chsts\u00e4tze der Honorar-&hellip;\" \/>\n<meta property=\"og:url\" content=\"https:\/\/ikth.de\/startseite\/generalanwalt-haelt-mindest-und-hoechstsaetze-fuer-eu-rechtswidrig\/\" \/>\n<meta property=\"og:site_name\" content=\"Ingenieurkammer Th\u00fcringen\" \/>\n<meta property=\"article:published_time\" content=\"2019-03-01T13:41:19+00:00\" \/>\n<meta property=\"article:modified_time\" content=\"2021-07-01T13:56:40+00:00\" \/>\n<meta name=\"author\" content=\"Olha Kraemer\" \/>\n<meta name=\"twitter:card\" content=\"summary_large_image\" \/>\n<meta name=\"twitter:label1\" content=\"Verfasst von\" \/>\n\t<meta name=\"twitter:data1\" content=\"Olha Kraemer\" \/>\n\t<meta name=\"twitter:label2\" content=\"Gesch\u00e4tzte Lesezeit\" \/>\n\t<meta name=\"twitter:data2\" content=\"2\u00a0Minuten\" \/>\n<script type=\"application\/ld+json\" class=\"yoast-schema-graph\">{\"@context\":\"https:\/\/schema.org\",\"@graph\":[{\"@type\":\"WebPage\",\"@id\":\"https:\/\/ikth.de\/startseite\/generalanwalt-haelt-mindest-und-hoechstsaetze-fuer-eu-rechtswidrig\/\",\"url\":\"https:\/\/ikth.de\/startseite\/generalanwalt-haelt-mindest-und-hoechstsaetze-fuer-eu-rechtswidrig\/\",\"name\":\"Generalanwalt h\u00e4lt Mindest- und H\u00f6chsts\u00e4tze f\u00fcr EU-rechtswidrig - Ingenieurkammer Th\u00fcringen\",\"isPartOf\":{\"@id\":\"https:\/\/ikth.de\/startseite\/#website\"},\"datePublished\":\"2019-03-01T13:41:19+00:00\",\"dateModified\":\"2021-07-01T13:56:40+00:00\",\"author\":{\"@id\":\"https:\/\/ikth.de\/startseite\/#\/schema\/person\/5ba1d6c5bb3a5d9673da727f86c8c944\"},\"breadcrumb\":{\"@id\":\"https:\/\/ikth.de\/startseite\/generalanwalt-haelt-mindest-und-hoechstsaetze-fuer-eu-rechtswidrig\/#breadcrumb\"},\"inLanguage\":\"de\",\"potentialAction\":[{\"@type\":\"ReadAction\",\"target\":[\"https:\/\/ikth.de\/startseite\/generalanwalt-haelt-mindest-und-hoechstsaetze-fuer-eu-rechtswidrig\/\"]}]},{\"@type\":\"BreadcrumbList\",\"@id\":\"https:\/\/ikth.de\/startseite\/generalanwalt-haelt-mindest-und-hoechstsaetze-fuer-eu-rechtswidrig\/#breadcrumb\",\"itemListElement\":[{\"@type\":\"ListItem\",\"position\":1,\"name\":\"Startseite\",\"item\":\"https:\/\/ikth.de\/startseite\/\"},{\"@type\":\"ListItem\",\"position\":2,\"name\":\"Generalanwalt h\u00e4lt Mindest- und H\u00f6chsts\u00e4tze f\u00fcr EU-rechtswidrig\"}]},{\"@type\":\"WebSite\",\"@id\":\"https:\/\/ikth.de\/startseite\/#website\",\"url\":\"https:\/\/ikth.de\/startseite\/\",\"name\":\"Ingenieurkammer Th\u00fcringen\",\"description\":\"\",\"potentialAction\":[{\"@type\":\"SearchAction\",\"target\":{\"@type\":\"EntryPoint\",\"urlTemplate\":\"https:\/\/ikth.de\/startseite\/?s={search_term_string}\"},\"query-input\":{\"@type\":\"PropertyValueSpecification\",\"valueRequired\":true,\"valueName\":\"search_term_string\"}}],\"inLanguage\":\"de\"},{\"@type\":\"Person\",\"@id\":\"https:\/\/ikth.de\/startseite\/#\/schema\/person\/5ba1d6c5bb3a5d9673da727f86c8c944\",\"name\":\"Olha Kraemer\",\"image\":{\"@type\":\"ImageObject\",\"inLanguage\":\"de\",\"@id\":\"https:\/\/ikth.de\/startseite\/#\/schema\/person\/image\/\",\"url\":\"https:\/\/secure.gravatar.com\/avatar\/a23570369364aa6a04b6d8e429b68e9eadc9b5fec6580e2236fa5dee5c8927a4?s=96&d=mm&r=g\",\"contentUrl\":\"https:\/\/secure.gravatar.com\/avatar\/a23570369364aa6a04b6d8e429b68e9eadc9b5fec6580e2236fa5dee5c8927a4?s=96&d=mm&r=g\",\"caption\":\"Olha Kraemer\"},\"url\":\"https:\/\/ikth.de\/startseite\/author\/olhakraemer\/\"}]}<\/script>\n<!-- \/ Yoast SEO plugin. -->","yoast_head_json":{"title":"Generalanwalt h\u00e4lt Mindest- und H\u00f6chsts\u00e4tze f\u00fcr EU-rechtswidrig - Ingenieurkammer Th\u00fcringen","robots":{"index":"index","follow":"follow","max-snippet":"max-snippet:-1","max-image-preview":"max-image-preview:large","max-video-preview":"max-video-preview:-1"},"canonical":"https:\/\/ikth.de\/startseite\/generalanwalt-haelt-mindest-und-hoechstsaetze-fuer-eu-rechtswidrig\/","og_locale":"de_DE","og_type":"article","og_title":"Generalanwalt h\u00e4lt Mindest- und H\u00f6chsts\u00e4tze f\u00fcr EU-rechtswidrig - Ingenieurkammer Th\u00fcringen","og_description":"[vc_row][vc_column width=&#8220;5\/6&#8243;][vc_column_text]Im Klageverfahren vor dem Europ\u00e4ischen Gerichtshof (EuGH) hat Generalanwalt Szpunar in seinen am 28.02.2019 ver\u00f6ffentlichten Schlussantr\u00e4gen zum Ausdruck gebracht, dass er die Verbindlichkeit der Mindest- und H\u00f6chsts\u00e4tze der Honorar-&hellip;","og_url":"https:\/\/ikth.de\/startseite\/generalanwalt-haelt-mindest-und-hoechstsaetze-fuer-eu-rechtswidrig\/","og_site_name":"Ingenieurkammer Th\u00fcringen","article_published_time":"2019-03-01T13:41:19+00:00","article_modified_time":"2021-07-01T13:56:40+00:00","author":"Olha Kraemer","twitter_card":"summary_large_image","twitter_misc":{"Verfasst von":"Olha Kraemer","Gesch\u00e4tzte Lesezeit":"2\u00a0Minuten"},"schema":{"@context":"https:\/\/schema.org","@graph":[{"@type":"WebPage","@id":"https:\/\/ikth.de\/startseite\/generalanwalt-haelt-mindest-und-hoechstsaetze-fuer-eu-rechtswidrig\/","url":"https:\/\/ikth.de\/startseite\/generalanwalt-haelt-mindest-und-hoechstsaetze-fuer-eu-rechtswidrig\/","name":"Generalanwalt h\u00e4lt Mindest- und H\u00f6chsts\u00e4tze f\u00fcr EU-rechtswidrig - Ingenieurkammer Th\u00fcringen","isPartOf":{"@id":"https:\/\/ikth.de\/startseite\/#website"},"datePublished":"2019-03-01T13:41:19+00:00","dateModified":"2021-07-01T13:56:40+00:00","author":{"@id":"https:\/\/ikth.de\/startseite\/#\/schema\/person\/5ba1d6c5bb3a5d9673da727f86c8c944"},"breadcrumb":{"@id":"https:\/\/ikth.de\/startseite\/generalanwalt-haelt-mindest-und-hoechstsaetze-fuer-eu-rechtswidrig\/#breadcrumb"},"inLanguage":"de","potentialAction":[{"@type":"ReadAction","target":["https:\/\/ikth.de\/startseite\/generalanwalt-haelt-mindest-und-hoechstsaetze-fuer-eu-rechtswidrig\/"]}]},{"@type":"BreadcrumbList","@id":"https:\/\/ikth.de\/startseite\/generalanwalt-haelt-mindest-und-hoechstsaetze-fuer-eu-rechtswidrig\/#breadcrumb","itemListElement":[{"@type":"ListItem","position":1,"name":"Startseite","item":"https:\/\/ikth.de\/startseite\/"},{"@type":"ListItem","position":2,"name":"Generalanwalt h\u00e4lt Mindest- und H\u00f6chsts\u00e4tze f\u00fcr EU-rechtswidrig"}]},{"@type":"WebSite","@id":"https:\/\/ikth.de\/startseite\/#website","url":"https:\/\/ikth.de\/startseite\/","name":"Ingenieurkammer Th\u00fcringen","description":"","potentialAction":[{"@type":"SearchAction","target":{"@type":"EntryPoint","urlTemplate":"https:\/\/ikth.de\/startseite\/?s={search_term_string}"},"query-input":{"@type":"PropertyValueSpecification","valueRequired":true,"valueName":"search_term_string"}}],"inLanguage":"de"},{"@type":"Person","@id":"https:\/\/ikth.de\/startseite\/#\/schema\/person\/5ba1d6c5bb3a5d9673da727f86c8c944","name":"Olha Kraemer","image":{"@type":"ImageObject","inLanguage":"de","@id":"https:\/\/ikth.de\/startseite\/#\/schema\/person\/image\/","url":"https:\/\/secure.gravatar.com\/avatar\/a23570369364aa6a04b6d8e429b68e9eadc9b5fec6580e2236fa5dee5c8927a4?s=96&d=mm&r=g","contentUrl":"https:\/\/secure.gravatar.com\/avatar\/a23570369364aa6a04b6d8e429b68e9eadc9b5fec6580e2236fa5dee5c8927a4?s=96&d=mm&r=g","caption":"Olha Kraemer"},"url":"https:\/\/ikth.de\/startseite\/author\/olhakraemer\/"}]}},"_links":{"self":[{"href":"https:\/\/ikth.de\/startseite\/wp-json\/wp\/v2\/posts\/2338","targetHints":{"allow":["GET"]}}],"collection":[{"href":"https:\/\/ikth.de\/startseite\/wp-json\/wp\/v2\/posts"}],"about":[{"href":"https:\/\/ikth.de\/startseite\/wp-json\/wp\/v2\/types\/post"}],"author":[{"embeddable":true,"href":"https:\/\/ikth.de\/startseite\/wp-json\/wp\/v2\/users\/6"}],"replies":[{"embeddable":true,"href":"https:\/\/ikth.de\/startseite\/wp-json\/wp\/v2\/comments?post=2338"}],"version-history":[{"count":0,"href":"https:\/\/ikth.de\/startseite\/wp-json\/wp\/v2\/posts\/2338\/revisions"}],"wp:attachment":[{"href":"https:\/\/ikth.de\/startseite\/wp-json\/wp\/v2\/media?parent=2338"}],"wp:term":[{"taxonomy":"category","embeddable":true,"href":"https:\/\/ikth.de\/startseite\/wp-json\/wp\/v2\/categories?post=2338"},{"taxonomy":"post_tag","embeddable":true,"href":"https:\/\/ikth.de\/startseite\/wp-json\/wp\/v2\/tags?post=2338"}],"curies":[{"name":"wp","href":"https:\/\/api.w.org\/{rel}","templated":true}]}}