{"id":4374,"global_id":"ikth.de\/startseite?id=4374","global_id_lineage":["ikth.de\/startseite?id=4374"],"author":"7","status":"publish","date":"2022-08-31 14:45:38","date_utc":"2022-08-31 12:45:38","modified":"2022-08-31 14:45:56","modified_utc":"2022-08-31 12:45:56","url":"https:\/\/ikth.de\/startseite\/event\/erneuerbare-energien-in-thueringen-weiterbildungsfahrt\/","rest_url":"https:\/\/ikth.de\/startseite\/wp-json\/tribe\/events\/v1\/events\/4374","title":"Weiterbildungsfahrt &#8222;Th\u00fcringer Wind- und Solarprojekte&#8220;","description":"<p>Die Veranstaltung findet am 22.09.22 von 10:00-15:30 Uhr statt und beinhaltet einen Besuch der Windparks Ebenheim und T\u00f6ttleben sowie des Solarparks Henschleben.<\/p>\n<p>Ziel ist es, den Akteuren in Th\u00fcringen einen Einblick in das umfangreiche Thema der Wind- und Solarenergie zu verschaffen. Wir bieten die M\u00f6glichkeit, Wind- als auch Solarenergieprojekte hautnah zu erleben und konkrete Fragen an Projektentwickler, kommunale Vertreter und Betreiber vor Ort zu stellen.<\/p>\n<p>&nbsp;<\/p>\n<p>An jedem Standort werden Steakholder der jeweiligen Projekte vor Ort sein und Ihnen einen Einblick in Themen wie Planung, Errichtung, Beteiligung, Betrieb und kommunale Zusammenarbeit erl\u00e4utern und f\u00fcr Ihre Fragen bereitstehen.<\/p>\n<p>&nbsp;<\/p>\n<p>Bei unserer Weiterbildungsfahrt soll ebenfalls das Thema \u201eregionale Wertsch\u00f6pfung und Partizipation\u201c eine wesentliche Rolle spielen. Wie kann es gelingen, dass was \u201eH\u00e4ngen\u201c bleibt bei B\u00fcrger*innen und Kommunen?<\/p>\n<p>&nbsp;<\/p>\n<p>Auf Bundes- als auch auf Landesebene ist seit Monaten viel Bewegung im Thema Erneuerbare Energien. Durch den Gesetzesbeschluss zur Erh\u00f6hung und Beschleunigung des Ausbaus von Windenergieanlagen an Land vom 08.07.2022, muss Th\u00fcringen bis zum Jahr 2032, 2,2 % der Landesfl\u00e4che f\u00fcr Windenergie ausweisen. Heute steht Th\u00fcringen beim Windausbau bei ca. 0,4 Prozent. Dies zeigt, wie wichtig dieses Thema aktuell ist und in Zukunft sein wird.<\/p>\n<p>&nbsp;<\/p>\n<p><a href=\"https:\/\/ikth.de\/wp-content\/uploads\/2022\/08\/Weiterbildungsfahrt-Thueringer-Wind-und-Solarprojekte_2022_Programm_ThEGA_ThEEN_BWE_Thueringen.pdf\">Weiterbildungsfahrt Th\u00fcringer Wind- und Solarprojekte_2022_Programm_ThEGA_ThEEN_BWE_Th\u00fcringen<\/a><\/p>\n<p>&nbsp;<\/p>\n<p>&nbsp;<\/p>\n<p>Die Weiterbildung ist mit 3 Weiterbildungsstunden anerkannt.<\/p>\n<p>&nbsp;<\/p>\n<p>Kontakt:<\/p>\n<p>Th\u00fcringer Erneuerbare Energien Netzwerk (ThEEN) e.V.<\/p>\n<p>Schmidtstedter Stra\u00dfe 1<\/p>\n<p>D-99084 Erfurt<\/p>","excerpt":"","slug":"erneuerbare-energien-in-thueringen-weiterbildungsfahrt","image":false,"all_day":true,"start_date":"2022-09-22 00:00:00","start_date_details":{"year":"2022","month":"09","day":"22","hour":"00","minutes":"00","seconds":"00"},"end_date":"2022-09-22 23:59:59","end_date_details":{"year":"2022","month":"09","day":"22","hour":"23","minutes":"59","seconds":"59"},"utc_start_date":"2022-09-21 22:00:00","utc_start_date_details":{"year":"2022","month":"09","day":"21","hour":"22","minutes":"00","seconds":"00"},"utc_end_date":"2022-09-22 21:59:59","utc_end_date_details":{"year":"2022","month":"09","day":"22","hour":"21","minutes":"59","seconds":"59"},"timezone":"Europe\/Berlin","timezone_abbr":"CEST","cost":"","cost_details":{"currency_symbol":"","currency_position":"suffix","values":[]},"website":"","show_map":true,"show_map_link":true,"hide_from_listings":false,"sticky":false,"featured":false,"categories":[{"name":"Nachhaltigkeit","slug":"nachhaltigkeit","term_group":0,"term_taxonomy_id":304,"taxonomy":"tribe_events_cat","description":"","parent":0,"count":106,"filter":"raw","id":304,"urls":{"self":"https:\/\/ikth.de\/startseite\/wp-json\/tribe\/events\/v1\/categories\/304","collection":"https:\/\/ikth.de\/startseite\/wp-json\/tribe\/events\/v1\/categories"}}],"tags":[],"venue":[],"organizer":[],"json_ld":{"@context":"http:\/\/schema.org","@type":"Event","name":"Weiterbildungsfahrt &#8222;Th\u00fcringer Wind- und Solarprojekte&#8220;","description":"&lt;p&gt;Die Veranstaltung findet am 22.09.22 von 10:00-15:30 Uhr statt und beinhaltet einen Besuch der Windparks Ebenheim und T\u00f6ttleben sowie des Solarparks Henschleben. Ziel ist es, den Akteuren in Th\u00fcringen einen&hellip;&lt;\/p&gt;\\n","url":"https:\/\/ikth.de\/startseite\/event\/erneuerbare-energien-in-thueringen-weiterbildungsfahrt\/","startDate":"2022-09-22T00:00:00+02:00","endDate":"2022-09-22T23:59:59+02:00","performer":"Organization"}}